{"id":27781,"date":"2022-07-12T15:29:12","date_gmt":"2022-07-12T14:29:12","guid":{"rendered":"https:\/\/le12.ma\/fr\/?p=27781"},"modified":"2022-07-12T15:29:12","modified_gmt":"2022-07-12T14:29:12","slug":"stouky-nest-plus-une-grande-perte-pour-le-corps-journalistique-national","status":"publish","type":"post","link":"https:\/\/le12.ma\/fr\/stouky-nest-plus-une-grande-perte-pour-le-corps-journalistique-national\/","title":{"rendered":"Stouky n\u2019est plus, une grande perte pour le corps journalistique national"},"content":{"rendered":"<h4><span style=\"color: #000000;\"><strong>Le champ m\u00e9diatique national vient de perdre l\u2019une de ses figures embl\u00e9matiques, Abdallah Stouky, d\u00e9c\u00e9d\u00e9 mardi des suites d\u2019une longue <a href=\"https:\/\/le12.ma\/fr\/akhannouch-publication-de-22-decrets-dapplication-permettant-a-11-millions-de-citoyens-de-beneficier-de-lassurance-maladie\/\">maladie<\/a>, apprend-on aupr\u00e8s de son entourage.<\/strong><\/span><\/h4>\n<p><strong>Natif de Marrakech en 1946, le regrett\u00e9 Stouky, qui a appris le journalisme d\u00e8s son jeune \u00e2ge, sur le tas, loin des \u00e9coles et instituts, est connu pour sa ma\u00eetrise de plusieurs dossiers nationaux qu\u2019il d\u00e9cortique, outill\u00e9 en cela d\u2019une plume incisive, lucide et juste.<\/strong><\/p>\n<p><strong>Ancien pr\u00e9sident de l\u2019Assembl\u00e9e g\u00e9n\u00e9rale de l\u2019Union de la presse francophone durant les ann\u00e9es 80, feu Stouky a contribu\u00e9 \u00e0 l\u2019essor de la pratique journalistique de plusieurs titres marocains.<\/strong><\/p>\n<p><strong>Il a commenc\u00e9 sa carri\u00e8re professionnelle dans la presse partisane, celle du parti communiste marocain en particulier, puis dans les revues Lamalif et Souffles.<\/strong><\/p>\n<p><strong>Apr\u00e8s un passage \u00e0 la MAP o\u00f9 il a occup\u00e9 diverses fonctions, le doyen des journalistes marocains a dirig\u00e9 plusieurs journaux nationaux o\u00f9 il a contribu\u00e9 \u00e0 la formation d\u2019un grand nombre de journalistes marocains.<\/strong><\/p>\n<p><strong>En 1978, il cr\u00e9e les quotidiens Al Maghreb en langue fran\u00e7aise et Al Mithaq Al Watani en langue arabe, deux organes du Rassemblement National des Ind\u00e9pendants (<a href=\"https:\/\/rni.ma\/fr\/\">RNI<\/a>), lanc\u00e9s en m\u00eame temps que le parti.<\/strong><\/p>\n<p><strong>Ses coll\u00e8gues reconnaissent en lui un intellectuel libre, ind\u00e9pendant et cr\u00e9dible, un homme de position, et un intellectuel de haute vol\u00e9e et de qualit\u00e9s fines et civilis\u00e9es qui imposent le respect.<\/strong><\/p>\n<p><strong>Grandeur, honn\u00eatet\u00e9, comp\u00e9tence, professionnalisme, rigueur et pers\u00e9v\u00e9rance sont l\u2019apanage du d\u00e9funt qui n\u2019a cess\u00e9, durant pr\u00e8s d\u2019un demi-si\u00e8cle, de d\u00e9ployer des efforts pour le d\u00e9veloppement de la presse \u00e9crite au Maroc et la consolidation du statut mat\u00e9riel des journalistes.<\/strong><\/p>\n","protected":false},"excerpt":{"rendered":"<p>Le champ m\u00e9diatique national vient de perdre l\u2019une de ses figures embl\u00e9matiques, Abdallah Stouky, d\u00e9c\u00e9d\u00e9 mardi des suites d\u2019une longue maladie, apprend-on aupr\u00e8s de son entourage. Natif de Marrakech en 1946, le regrett\u00e9 Stouky, qui a appris le journalisme d\u00e8s son jeune \u00e2ge, sur le tas, loin des \u00e9coles et instituts, est connu pour sa [&hellip;]<\/p>\n","protected":false},"author":2,"featured_media":27782,"comment_status":"open","ping_status":"open","sticky":false,"template":"","format":"standard","meta":[],"categories":[31,24],"tags":[6133,10269],"yst_prominent_words":[138,3547,3795,151,258,4377,1706,235],"jetpack_featured_media_url":"https:\/\/le12.ma\/fr\/wp-content\/uploads\/2022\/07\/telechargement-2.jpg","_links":{"self":[{"href":"https:\/\/le12.ma\/fr\/wp-json\/wp\/v2\/posts\/27781"}],"collection":[{"href":"https:\/\/le12.ma\/fr\/wp-json\/wp\/v2\/posts"}],"about":[{"href":"https:\/\/le12.ma\/fr\/wp-json\/wp\/v2\/types\/post"}],"author":[{"embeddable":true,"href":"https:\/\/le12.ma\/fr\/wp-json\/wp\/v2\/users\/2"}],"replies":[{"embeddable":true,"href":"https:\/\/le12.ma\/fr\/wp-json\/wp\/v2\/comments?post=27781"}],"version-history":[{"count":1,"href":"https:\/\/le12.ma\/fr\/wp-json\/wp\/v2\/posts\/27781\/revisions"}],"predecessor-version":[{"id":27783,"href":"https:\/\/le12.ma\/fr\/wp-json\/wp\/v2\/posts\/27781\/revisions\/27783"}],"wp:featuredmedia":[{"embeddable":true,"href":"https:\/\/le12.ma\/fr\/wp-json\/wp\/v2\/media\/27782"}],"wp:attachment":[{"href":"https:\/\/le12.ma\/fr\/wp-json\/wp\/v2\/media?parent=27781"}],"wp:term":[{"taxonomy":"category","embeddable":true,"href":"https:\/\/le12.ma\/fr\/wp-json\/wp\/v2\/categories?post=27781"},{"taxonomy":"post_tag","embeddable":true,"href":"https:\/\/le12.ma\/fr\/wp-json\/wp\/v2\/tags?post=27781"},{"taxonomy":"yst_prominent_words","embeddable":true,"href":"https:\/\/le12.ma\/fr\/wp-json\/wp\/v2\/yst_prominent_words?post=27781"}],"curies":[{"name":"wp","href":"https:\/\/api.w.org\/{rel}","templated":true}]}}