{"id":27735,"date":"2022-07-12T10:10:10","date_gmt":"2022-07-12T09:10:10","guid":{"rendered":"https:\/\/le12.ma\/fr\/?p=27735"},"modified":"2022-07-12T10:10:10","modified_gmt":"2022-07-12T09:10:10","slug":"twitter-qualifie-dinvalide-labandon-par-musk-du-rachat-du-reseau-social","status":"publish","type":"post","link":"https:\/\/le12.ma\/fr\/twitter-qualifie-dinvalide-labandon-par-musk-du-rachat-du-reseau-social\/","title":{"rendered":"Twitter qualifie \u00ab\u00a0d&rsquo;invalide\u00a0\u00bb l&rsquo;abandon par Musk du rachat du r\u00e9seau social"},"content":{"rendered":"<h4><span style=\"color: #000000;\"><strong>L&rsquo;abandon par <a href=\"https:\/\/fr.wikipedia.org\/wiki\/Elon_Musk\">Elon Musk<\/a> de son projet de rachat de<a href=\"https:\/\/twitter.com\/home\"> Twitter<\/a> pour 44 milliards de dollars est \u00ab\u00a0invalide et injustifi\u00e9\u00a0\u00bb, a affirm\u00e9, lundi, le r\u00e9seau social, en indiquant avoir rempli toutes les obligations pr\u00e9vues dans l&rsquo;accord conclu en avril.<\/strong><\/span><\/h4>\n<p><strong>Le r\u00e9seau social a exig\u00e9 en cons\u00e9quence que le multimilliardaire tienne son engagement en vertu de l\u2019accord pass\u00e9 en avril.<\/strong><\/p>\n<p><strong>Vendredi dernier, Musk a annonc\u00e9 qu\u2019il mettait fin \u00e0 l\u2019accord pass\u00e9 avec le conseil d\u2019administration de Twitter pour le rachat du r\u00e9seau social \u00e0 cause d\u2019informations \u00a0\u00ab\u00a0fausses et trompeuses\u00a0\u00bb\u00a0 sur l\u2019entreprise. Dans une lettre publi\u00e9e par le gendarme boursier am\u00e9ricain, ses avocats assurent que Twitter n\u2019a pas respect\u00e9 ses engagements pris dans l\u2019accord, en ne donnant pas toutes les informations demand\u00e9es sur le nombre de comptes inauthentiques et de spams. Imm\u00e9diatement apr\u00e8s l\u2019annonce du patron de Tesla, le pr\u00e9sident de Twitter, Bret Taylor a indiqu\u00e9 que l\u2019entreprise engagera une action en justice pour \u00ab\u00a0faire respecter\u00a0\u00bbcet accord.<\/strong><\/p>\n<p><strong>\u00ab\u00a0<\/strong><strong>Le conseil d\u2019administration de Twitter est d\u00e9termin\u00e9 \u00e0 conclure la transaction au prix et aux termes convenus avec M. Musk\u00a0\u00bb, a assur\u00e9 dans un tweet M. Taylor, pr\u00e9cisant qu\u2019ils \u00e9taient \u00ab\u00a0confiants\u00a0\u00bb dans leur chance de l\u2019emporter devant les tribunaux.<\/strong><\/p>\n<p><strong>Les deux parties s\u2019\u00e9taient engag\u00e9es \u00e0 verser une indemnit\u00e9 de rupture pouvant aller jusqu\u2019\u00e0 un milliard de dollars dans certaines circonstances. Les experts juridiques se demandent si les motifs avanc\u00e9s par Musk seront suffisants.<\/strong><\/p>\n<p><strong>Selon le Wall Street Journal, les investisseurs, les avocats et les spectateurs se pr\u00e9parent \u00e0 ce qui pourrait \u00eatre l\u2019une des batailles juridiques sans pr\u00e9c\u00e9dent dans l\u2019histoire de la prise de contr\u00f4le d\u2019entreprise.<\/strong><\/p>\n<p><strong>Vendredi, la soci\u00e9t\u00e9 de m\u00e9dias sociaux avait perdu plus de 11 milliards de dollars de valeur marchande par rapport \u00e0 son sommet de cl\u00f4ture de 51,70 dollars en avril.<\/strong><\/p>\n","protected":false},"excerpt":{"rendered":"<p>L&rsquo;abandon par Elon Musk de son projet de rachat de Twitter pour 44 milliards de dollars est \u00ab\u00a0invalide et injustifi\u00e9\u00a0\u00bb, a affirm\u00e9, lundi, le r\u00e9seau social, en indiquant avoir rempli toutes les obligations pr\u00e9vues dans l&rsquo;accord conclu en avril. Le r\u00e9seau social a exig\u00e9 en cons\u00e9quence que le multimilliardaire tienne son engagement en vertu de [&hellip;]<\/p>\n","protected":false},"author":2,"featured_media":27736,"comment_status":"open","ping_status":"open","sticky":false,"template":"","format":"standard","meta":[],"categories":[28,3884],"tags":[],"yst_prominent_words":[924,100,842,849,1194,1296,1183,4803,3352,4077,781],"jetpack_featured_media_url":"https:\/\/le12.ma\/fr\/wp-content\/uploads\/2022\/07\/twitter-computer.jpg","_links":{"self":[{"href":"https:\/\/le12.ma\/fr\/wp-json\/wp\/v2\/posts\/27735"}],"collection":[{"href":"https:\/\/le12.ma\/fr\/wp-json\/wp\/v2\/posts"}],"about":[{"href":"https:\/\/le12.ma\/fr\/wp-json\/wp\/v2\/types\/post"}],"author":[{"embeddable":true,"href":"https:\/\/le12.ma\/fr\/wp-json\/wp\/v2\/users\/2"}],"replies":[{"embeddable":true,"href":"https:\/\/le12.ma\/fr\/wp-json\/wp\/v2\/comments?post=27735"}],"version-history":[{"count":1,"href":"https:\/\/le12.ma\/fr\/wp-json\/wp\/v2\/posts\/27735\/revisions"}],"predecessor-version":[{"id":27737,"href":"https:\/\/le12.ma\/fr\/wp-json\/wp\/v2\/posts\/27735\/revisions\/27737"}],"wp:featuredmedia":[{"embeddable":true,"href":"https:\/\/le12.ma\/fr\/wp-json\/wp\/v2\/media\/27736"}],"wp:attachment":[{"href":"https:\/\/le12.ma\/fr\/wp-json\/wp\/v2\/media?parent=27735"}],"wp:term":[{"taxonomy":"category","embeddable":true,"href":"https:\/\/le12.ma\/fr\/wp-json\/wp\/v2\/categories?post=27735"},{"taxonomy":"post_tag","embeddable":true,"href":"https:\/\/le12.ma\/fr\/wp-json\/wp\/v2\/tags?post=27735"},{"taxonomy":"yst_prominent_words","embeddable":true,"href":"https:\/\/le12.ma\/fr\/wp-json\/wp\/v2\/yst_prominent_words?post=27735"}],"curies":[{"name":"wp","href":"https:\/\/api.w.org\/{rel}","templated":true}]}}