{"id":27616,"date":"2022-07-08T15:15:09","date_gmt":"2022-07-08T14:15:09","guid":{"rendered":"https:\/\/le12.ma\/fr\/?p=27616"},"modified":"2022-07-08T13:38:36","modified_gmt":"2022-07-08T12:38:36","slug":"breves-de-la-region-rabat-sale-kenitra","status":"publish","type":"post","link":"https:\/\/le12.ma\/fr\/breves-de-la-region-rabat-sale-kenitra\/","title":{"rendered":"Br\u00e8ves de la r\u00e9gion Rabat-Sal\u00e9-K\u00e9nitra"},"content":{"rendered":"<h4><span style=\"color: #000000;\"><strong>L\u2019Acad\u00e9mie TUCOSO pour la formation et la consultation a organis\u00e9, r\u00e9cemment \u00e0 Sal\u00e9, une c\u00e9r\u00e9monie de remise des dipl\u00f4mes aux 200 laur\u00e9ats de la formation \u00ab\u00a0\u00e9ducateur sp\u00e9cialis\u00e9 (<a href=\"https:\/\/www.autisme.nl\/over-autisme\/wat-is-autisme\/\">Autisme<\/a>)\u00a0\u00bb au titre de l\u2019ann\u00e9e scolaire 2021-2022.<\/strong><\/span><\/h4>\n<p><strong>Il s\u2019agit de 200 \u00e9ducatrices et \u00e9ducateurs pr\u00e9scolaires qui ont suivi une formation ax\u00e9e sur le traitement et l\u2019\u00e9valuation des besoins des enfants atteints de troubles du spectre de l\u2019autisme (TSA).<\/strong><\/p>\n<p><strong>Cette formation qui s\u2019\u00e9tale sur 10 mois et sanctionn\u00e9e par un dipl\u00f4me accr\u00e9dit\u00e9 et d\u00e9livr\u00e9 en collaboration avec l\u2019Acad\u00e9mie canadienne pour la formation et la consultation, repose sur un programme structur\u00e9 autour des domaines de comp\u00e9tences notamment la psychologie, le traitement <a href=\"https:\/\/le12.ma\/fr\/bourita-sentretient-a-rabat-avec-staffan-de-mistura-lenvoye-personnel-du-sg-de-lonu-pour-le-sahara-marocain\/\">ABA<\/a> (analyse comportementale appliqu\u00e9e), l\u2019orthophonie, la psychomotricit\u00e9, et anim\u00e9 par des m\u00e9decins, des psychologues et des formateurs sp\u00e9cialistes en la mati\u00e8re.<\/strong><\/p>\n<p><strong>L\u2019Universit\u00e9 Mohammed V de Rabat (UM5) a organis\u00e9, mercredi au Th\u00e9\u00e2tre Mohammed V \u00e0 Rabat, une c\u00e9r\u00e9monie de remise de prix aux \u00e9tudiants qui se sont brillamment distingu\u00e9s dans leur cursus universitaire au titre de l\u2019ann\u00e9e universitaire 2021-2022.<\/strong><\/p>\n<p><strong>Cette c\u00e9r\u00e9monie, qui s\u2019inscrit dans le droit fil de la volont\u00e9 de l\u2019Universit\u00e9 de promouvoir l\u2019excellence, a \u00e9t\u00e9 l\u2019occasion de primer les \u00e9tudiants les plus m\u00e9ritants sur le plan acad\u00e9mique et culturel, ainsi que les \u00e9tudiants sportifs distingu\u00e9s dans des comp\u00e9titions universitaires, indique un communiqu\u00e9 de l\u2019UM5.<\/strong><\/p>\n<p><strong>Il s\u2019agit de 234 \u00e9tudiants majorants, sur les 14.295 laur\u00e9ats au titre de l\u2019ann\u00e9e universitaire 2020-2021, laur\u00e9ats de diff\u00e9rentes fili\u00e8res de l\u2019Universit\u00e9 notamment en licence d\u2019\u00e9tudes fondamentales, licence professionnelle, licence d\u2019\u00c9ducation, master et master sp\u00e9cialis\u00e9, ainsi que ceux des cycles d\u2019ing\u00e9nierie, de la m\u00e9decine, de la pharmacie, de la m\u00e9decine dentaire, en plus de 24 \u00e9tudiants qui ont brill\u00e9 dans des activit\u00e9s sportives et culturelles, pr\u00e9cise-t-on.<\/strong><\/p>\n<p><strong>Outre les \u00e9tudiants prim\u00e9s, ont assist\u00e9 \u00e0 cet \u00e9v\u00e9nement de nombreuses personnalit\u00e9s du monde acad\u00e9mique, diplomatique, \u00e9conomique et socioculturel, de m\u00eame que le staff acad\u00e9mique et administratif de l\u2019Universit\u00e9.<\/strong><\/p>\n<p><strong>-Le dispositif national de lutte contre le blanchiment de capitaux et le financement du terrorisme a \u00e9t\u00e9 au centre d\u2019une journ\u00e9e de communication et de sensibilisation, initi\u00e9e par le Comit\u00e9 national charg\u00e9 de l\u2019ex\u00e9cution des sanctions du Conseil de s\u00e9curit\u00e9 de l\u2019ONU en lien avec le terrorisme et la prolif\u00e9ration des armes et leur financement.<\/strong><\/p>\n<p><strong>Cette rencontre, organis\u00e9e mardi \u00e0 Rabat en partenariat avec l\u2019Autorit\u00e9 nationale du renseignement financier (ANRF), s\u2019inscrit dans le cadre d\u2019une s\u00e9rie de rencontres visant \u00e0 accompagner les efforts entrepris pour s\u2019aligner aux normes internationales de lutte contre le blanchiment de capitaux et le financement du terrorisme et appliquer les sanctions financi\u00e8res cibl\u00e9es \u00e9mises par le Conseil de s\u00e9curit\u00e9 li\u00e9es au financement du terrorisme et \u00e0 la prolif\u00e9ration des armes de destruction massive, indique le Comit\u00e9 national dans un communiqu\u00e9.<\/strong><\/p>\n<p><strong>Elle a \u00e9t\u00e9 l\u2019occasion de passer en revue les grands efforts d\u00e9ploy\u00e9s par le Royaume du Maroc, lesquels ont \u00e9t\u00e9 mis en avant par le secr\u00e9taire g\u00e9n\u00e9ral de l\u2019ANRF dans son discours d\u2019ouverture, notamment les avanc\u00e9es li\u00e9es au processus d\u2019\u00e9valuation mutuelle de ce syst\u00e8me et les mesures prises suite \u00e0 l\u2019adoption du rapport d\u2019\u00e9valuation mutuelle en avril 2019 conform\u00e9ment aux proc\u00e9dures adopt\u00e9es par le Groupe d\u2019action financi\u00e8re (GAFI) du Moyen-Orient et de l\u2019Afrique du nord, ainsi que les r\u00e9alisations accomplies depuis l\u2019adoption du Plan d\u2019action du GAFI en f\u00e9vrier 2021, dans la perspective de sortir de la proc\u00e9dure de suivi renforc\u00e9.<\/strong><\/p>\n","protected":false},"excerpt":{"rendered":"<p>L\u2019Acad\u00e9mie TUCOSO pour la formation et la consultation a organis\u00e9, r\u00e9cemment \u00e0 Sal\u00e9, une c\u00e9r\u00e9monie de remise des dipl\u00f4mes aux 200 laur\u00e9ats de la formation \u00ab\u00a0\u00e9ducateur sp\u00e9cialis\u00e9 (Autisme)\u00a0\u00bb au titre de l\u2019ann\u00e9e scolaire 2021-2022. Il s\u2019agit de 200 \u00e9ducatrices et \u00e9ducateurs pr\u00e9scolaires qui ont suivi une formation ax\u00e9e sur le traitement et l\u2019\u00e9valuation des besoins [&hellip;]<\/p>\n","protected":false},"author":2,"featured_media":27618,"comment_status":"open","ping_status":"open","sticky":false,"template":"","format":"standard","meta":[],"categories":[31],"tags":[10215,6738,10214],"yst_prominent_words":[5875,4821,188,2216,1166,1124,2354,5889,5505,5324,2353,2344],"jetpack_featured_media_url":"https:\/\/le12.ma\/fr\/wp-content\/uploads\/2022\/07\/e49a1-crt-rabat-sale-image536x300-crop.jpg","_links":{"self":[{"href":"https:\/\/le12.ma\/fr\/wp-json\/wp\/v2\/posts\/27616"}],"collection":[{"href":"https:\/\/le12.ma\/fr\/wp-json\/wp\/v2\/posts"}],"about":[{"href":"https:\/\/le12.ma\/fr\/wp-json\/wp\/v2\/types\/post"}],"author":[{"embeddable":true,"href":"https:\/\/le12.ma\/fr\/wp-json\/wp\/v2\/users\/2"}],"replies":[{"embeddable":true,"href":"https:\/\/le12.ma\/fr\/wp-json\/wp\/v2\/comments?post=27616"}],"version-history":[{"count":2,"href":"https:\/\/le12.ma\/fr\/wp-json\/wp\/v2\/posts\/27616\/revisions"}],"predecessor-version":[{"id":27619,"href":"https:\/\/le12.ma\/fr\/wp-json\/wp\/v2\/posts\/27616\/revisions\/27619"}],"wp:featuredmedia":[{"embeddable":true,"href":"https:\/\/le12.ma\/fr\/wp-json\/wp\/v2\/media\/27618"}],"wp:attachment":[{"href":"https:\/\/le12.ma\/fr\/wp-json\/wp\/v2\/media?parent=27616"}],"wp:term":[{"taxonomy":"category","embeddable":true,"href":"https:\/\/le12.ma\/fr\/wp-json\/wp\/v2\/categories?post=27616"},{"taxonomy":"post_tag","embeddable":true,"href":"https:\/\/le12.ma\/fr\/wp-json\/wp\/v2\/tags?post=27616"},{"taxonomy":"yst_prominent_words","embeddable":true,"href":"https:\/\/le12.ma\/fr\/wp-json\/wp\/v2\/yst_prominent_words?post=27616"}],"curies":[{"name":"wp","href":"https:\/\/api.w.org\/{rel}","templated":true}]}}