{"id":27613,"date":"2022-07-08T14:55:02","date_gmt":"2022-07-08T13:55:02","guid":{"rendered":"https:\/\/le12.ma\/fr\/?p=27613"},"modified":"2022-07-08T13:29:21","modified_gmt":"2022-07-08T12:29:21","slug":"coup-denvoi-de-la-session-dete-du-43e-moussem-culturel-international-dassilah","status":"publish","type":"post","link":"https:\/\/le12.ma\/fr\/coup-denvoi-de-la-session-dete-du-43e-moussem-culturel-international-dassilah\/","title":{"rendered":"Coup d\u2019envoi de la session d\u2019\u00e9t\u00e9 du 43\u00e8 Moussem Culturel international d\u2019Assilah"},"content":{"rendered":"<h4><span style=\"color: #000000;\"><strong>Le <a href=\"https:\/\/le12.ma\/fr\/beach-volley-coup-denvoi-a-agadir-des-qualifications-africaines-aux-jo-de-tokyo\/\">coup d\u2019envoi<\/a> de la session d\u2019\u00e9t\u00e9 de la 43\u00e8 \u00e9dition du Moussem Culturel international d\u2019Assilah a \u00e9t\u00e9 donn\u00e9, jeudi soir, par le ministre de la Jeunesse, de la culture et de la communication, Mohamed Mehdi <a href=\"https:\/\/le12.ma\/fr\/bensaid-le-maroc-affrontera-mieux-les-defis-du-21e-siecle-avec-des-institutions-a-fort-ancrage-local\/\">Bensaid<\/a>.<\/strong><\/span><\/h4>\n<p><strong>Cette session, organis\u00e9e par la Fondation du Forum d\u2019Assilah, en partenariat avec le minist\u00e8re de la Jeunesse, de la culture et de la communication (d\u00e9partement de la Culture) et la commune d\u2019Assilah, sous le Haut patronage de SM le Roi Mohammed VI, se tient du 30 juin au 24 juillet, et est consacr\u00e9e aux arts plastiques.<\/strong><\/p>\n<p><strong>Lors de cet \u00e9v\u00e9nement, le ministre, qui \u00e9tait accompagn\u00e9 du secr\u00e9taire g\u00e9n\u00e9ral de la Fondation du Forum d\u2019Assilah, Mohamed Benaissa, en pr\u00e9sence du secr\u00e9taire g\u00e9n\u00e9ral de la Wilaya de la r\u00e9gion Tanger-T\u00e9touan-Al Hoceima, et de nombre d\u2019intellectuels, d\u2019artistes et d\u2019acteurs culturels et associatifs, a visit\u00e9 les fresques murales r\u00e9alis\u00e9es cette ann\u00e9e par 11 artistes marocains, sous la supervision de l\u2019artiste-peintre Mouad Jebari, dans le cadre de l\u2019atelier de peinture murale, organis\u00e9 depuis 1978.<\/strong><\/p>\n<p><strong>Apr\u00e8s s\u2019\u00eatre arr\u00eat\u00e9 sur les peintures murales cr\u00e9\u00e9es par les enfants d\u2019Assilah, sous l\u2019encadrement de l\u2019artiste plasticienne Kaoutar Chriki, M. Bensaid a inaugur\u00e9 l\u2019exposition des jeunes artistes zailachis au Palais de la Culture, marqu\u00e9e par la participation de sept artistes d\u2019Assilah, et donn\u00e9 le coup d\u2019envoi de l\u2019atelier de peinture, auquel participent 12 artistes marocains.<\/strong><\/p>\n<p><strong>A la Galerie du Centre Hassan II des rencontres internationales, le ministre a inaugur\u00e9 deux expositions des artistes plasticiens Moulay Youssef Elkahfai et Mostafa Maftah, en plus de l\u2019exposition des oeuvres des enfants d\u2019Assilah \u00ab Les talents du Moussem \u00bb.<\/strong><\/p>\n<p><strong>Ces expositions in\u00e9dites, qui se poursuivront jusqu\u2019au 15 ao\u00fbt, donnent \u00e0 voir plusieurs dizaines d\u2019\u0153uvres de ces talentueux artistes offrant au visiteur une r\u00e9elle immersion dans un univers empreint de magie, de charme et de beaut\u00e9.<\/strong><\/p>\n<p><strong>Dans une d\u00e9claration \u00e0 la presse, le ministre a exprim\u00e9 sa joie d\u2019inaugurer une s\u00e9rie d\u2019expositions d\u2019artistes zailachis et ceux provenant d\u2019autres villes du Royaume, qui invitent le visiteur \u00e0 d\u00e9couvrir des \u0153uvres in\u00e9dites, r\u00e9alis\u00e9es avec beaucoup de soin et de cr\u00e9ativit\u00e9.<\/strong><\/p>\n<p><strong>\u00ab Ces expositions d\u2019artistes de renomm\u00e9e nationale et internationale sont une source de fiert\u00e9 et de joie pour nous et pour les habitants et les visiteurs d\u2019Assilah, une ville qui respire l\u2019art et la culture \u00bb, a indiqu\u00e9 M. Bensaid, relevant que son d\u00e9partement \u0153uvrera \u00e0 renforcer la pr\u00e9sence des artistes marocains \u00e0 l\u2019\u00e9chelle nationale et internationale et \u00e0 promouvoir le rayonnement de l\u2019art marocain sur l\u2019\u00e9chiquier international.<\/strong><\/p>\n<p><strong>Au micro de M24, la cha\u00eene d\u2019information en continu de la MAP, l\u2019artiste Mostafa Maftah s\u2019est dit \u00ab heureux \u00bb et \u00ab tr\u00e8s fier \u00bb d\u2019exposer ses chefs-d\u2019\u0153uvre de la tapisserie \u00e0 Assilah, relevant qu\u2019il s\u2019agit de 14 \u0153uvres qui incarnent une conversation cr\u00e9ative entre le tapis traditionnel de son enfance et ce qu\u2019il a appris de la r\u00e9volution plastique \u00e0 l\u2019\u00c9cole des beaux-arts.<\/strong><\/p>\n<p><strong>Depuis son enfance, Mostafa Maftah \u00e9volue autour des m\u00e9tiers \u00e0 tisser sur lesquels travaillent les femmes de sa famille et particuli\u00e8rement sa m\u00e8re, lit-on dans le catalogue de cette exposition, intitul\u00e9e \u00ab Feu en oc\u00e9an \u00bb, qui traduit la fougue et l\u2019espoir, \u00e0 travers le motif d\u2019une \u00e9ruption volcanique sous-marine; abstraction visionnaire d\u2019abord, conceptualis\u00e9e sous forme de peinture avant d\u2019\u00eatre tiss\u00e9e en diff\u00e9rentes strates de couleurs et de reliefs r\u00e9interpr\u00e9tant la tradition avec une sensibilit\u00e9 tactile et m\u00e9morielle.<\/strong><\/p>\n<p><strong>L\u2019\u0153uvre de Mostafa Maftah est aussi symbolique et \u00ab r\u00e9volutionnaire \u00bb, car c\u2019est la premi\u00e8re fois au Maroc, qu\u2019un artiste s\u2019empare de ce m\u00e9dium tr\u00e8s genr\u00e9. Elle repr\u00e9sente une tapisserie r\u00e9alis\u00e9e en 1979 (probablement la premi\u00e8re tapisserie r\u00e9alis\u00e9e par un artiste homme au Maroc, pr\u00e9cise la curatrice).<\/strong><\/p>\n<p><strong>Pour sa part, Moulay Youssef Elkahfai a exprim\u00e9 sa fiert\u00e9 de pr\u00e9senter ses \u0153uvres \u00e0 Assilah, la cit\u00e9 des arts et de la culture, pr\u00e9cisant que son exposition r\u00e9trospective, intitul\u00e9e \u00ab Passion \u00bb, donne \u00e0 voir plus de 60 gravures et lithographies, r\u00e9alis\u00e9es durant la p\u00e9riode 2005-2022 entre Marrakech et Assilah.<\/strong><\/p>\n<p><strong>Moulay Youssef peint avec beaucoup de sensibilit\u00e9 une galerie de personnages qui \u00e9voluent en fonction du moment. Ils peuvent \u00eatre taciturnes, volubiles, isol\u00e9s, r\u00e9sign\u00e9s, immobiles, press\u00e9s, parfois m\u00eame fragment\u00e9s.<\/strong><\/p>\n<p><strong>Il exploite la peinture pour construire une autre entit\u00e9 technique et esth\u00e9tique, l\u2019estampe. Celle-ci repr\u00e9sente pour lui non une rupture avec son travail en peinture, mais plut\u00f4t une r\u00e9alisation esth\u00e9tique plus accessible en termes de moyens techniques.<\/strong><\/p>\n<p><strong>D\u2019un expressionnisme puissant, son style traduit sa passion pour l\u2019humain, et insiste sur l\u2019expression beaucoup plus que sur la description. Hommes, femmes et enfants se d\u00e9voilent de mani\u00e8re nouvelle dans une qu\u00eate permanente d\u2019humanisme et de po\u00e9sie.<\/strong><\/p>\n<p><strong>Bensaid a, par la suite, inaugur\u00e9 une sculpture de l\u2019artiste-plasticien marocain Mohamed Anzaoui, baptis\u00e9e \u00ab Blowin in the wind \u00bb.<\/strong><\/p>\n<p><strong>Install\u00e9e sur la corniche d\u2019Assilah, pr\u00e9cis\u00e9ment \u00e0 l\u2019avenue Moulay Hassan Ben Mehdi, cette sculpture, la premi\u00e8re r\u00e9alis\u00e9e par cet artiste peintre, vient s\u2019ajouter \u00e0 la collection d\u2019\u0153uvres expos\u00e9es dans cet espace, qui comprend treize sculptures d\u2019artistes marocains et \u00e9trangers. Le sol de la corniche a \u00e9t\u00e9 con\u00e7u par l\u2019artiste marocain feu Farid Belkahia.<\/strong><\/p>\n<p><strong>\u00ab Cette oeuvre est un travail de recyclage des tubes en fer galvanis\u00e9, en 3D. C\u2019est un dialogue entre les mati\u00e8res et leur environnement qui est le vent du Nord (chergui) \u00bb, a d\u00e9clar\u00e9 \u00e0 la MAP, M. Anzaoui, pr\u00e9cisant que l\u2019objectif est d\u2019avoir des sens de la musique et de laisser le spectateur lire et analyser \u00e0 sa mani\u00e8re cette \u0153uvre d\u2019art.<\/strong><\/p>\n<p><strong>Il est \u00e0 noter que la session d\u2019automne de cette \u00e9dition, qui se tiendra du 16 octobre au 5 novembre, sera ponctu\u00e9e par l\u2019organisation de plusieurs conf\u00e9rences, dans le cadre de la 36\u00e8me session de l\u2019Universit\u00e9 d\u2019\u00e9t\u00e9 Al-Mouatamid Ibn Abbad, qui verront la participation d\u2019un parterre de chercheurs, d\u2019intellectuels et d\u2019experts africains, arabes et internationaux, ainsi que des ateliers de sculpture et de peinture.<\/strong><\/p>\n","protected":false},"excerpt":{"rendered":"<p>Le coup d\u2019envoi de la session d\u2019\u00e9t\u00e9 de la 43\u00e8 \u00e9dition du Moussem Culturel international d\u2019Assilah a \u00e9t\u00e9 donn\u00e9, jeudi soir, par le ministre de la Jeunesse, de la culture et de la communication, Mohamed Mehdi Bensaid. Cette session, organis\u00e9e par la Fondation du Forum d\u2019Assilah, en partenariat avec le minist\u00e8re de la Jeunesse, de [&hellip;]<\/p>\n","protected":false},"author":2,"featured_media":27614,"comment_status":"open","ping_status":"open","sticky":false,"template":"","format":"standard","meta":[],"categories":[31],"tags":[873,10213],"yst_prominent_words":[1458,583,857,853,863,4518],"jetpack_featured_media_url":"https:\/\/le12.ma\/fr\/wp-content\/uploads\/2022\/07\/4871A74E-999F-4E5D-AF51-46403A4F8BB9.jpeg","_links":{"self":[{"href":"https:\/\/le12.ma\/fr\/wp-json\/wp\/v2\/posts\/27613"}],"collection":[{"href":"https:\/\/le12.ma\/fr\/wp-json\/wp\/v2\/posts"}],"about":[{"href":"https:\/\/le12.ma\/fr\/wp-json\/wp\/v2\/types\/post"}],"author":[{"embeddable":true,"href":"https:\/\/le12.ma\/fr\/wp-json\/wp\/v2\/users\/2"}],"replies":[{"embeddable":true,"href":"https:\/\/le12.ma\/fr\/wp-json\/wp\/v2\/comments?post=27613"}],"version-history":[{"count":1,"href":"https:\/\/le12.ma\/fr\/wp-json\/wp\/v2\/posts\/27613\/revisions"}],"predecessor-version":[{"id":27615,"href":"https:\/\/le12.ma\/fr\/wp-json\/wp\/v2\/posts\/27613\/revisions\/27615"}],"wp:featuredmedia":[{"embeddable":true,"href":"https:\/\/le12.ma\/fr\/wp-json\/wp\/v2\/media\/27614"}],"wp:attachment":[{"href":"https:\/\/le12.ma\/fr\/wp-json\/wp\/v2\/media?parent=27613"}],"wp:term":[{"taxonomy":"category","embeddable":true,"href":"https:\/\/le12.ma\/fr\/wp-json\/wp\/v2\/categories?post=27613"},{"taxonomy":"post_tag","embeddable":true,"href":"https:\/\/le12.ma\/fr\/wp-json\/wp\/v2\/tags?post=27613"},{"taxonomy":"yst_prominent_words","embeddable":true,"href":"https:\/\/le12.ma\/fr\/wp-json\/wp\/v2\/yst_prominent_words?post=27613"}],"curies":[{"name":"wp","href":"https:\/\/api.w.org\/{rel}","templated":true}]}}