{"id":27587,"date":"2022-07-08T12:12:15","date_gmt":"2022-07-08T11:12:15","guid":{"rendered":"https:\/\/le12.ma\/fr\/?p=27587"},"modified":"2022-07-08T12:12:15","modified_gmt":"2022-07-08T11:12:15","slug":"james-caan-star-du-parrain-et-de-misery-est-mort","status":"publish","type":"post","link":"https:\/\/le12.ma\/fr\/james-caan-star-du-parrain-et-de-misery-est-mort\/","title":{"rendered":"James Caan, star du \u00ab\u00a0Parrain\u00a0\u00bb et de \u00ab\u00a0Misery\u00a0\u00bb, est mort"},"content":{"rendered":"<h4><span style=\"color: #000000;\"><strong>L&rsquo;<a href=\"https:\/\/le12.ma\/fr\/la-digitalisation-un-facteur-incontestable-de-creation-demplois\/\">acteur<\/a> am\u00e9ricain James Caan, star des films \u00ab\u00a0Le Parrain\u00a0\u00bb et \u00ab\u00a0Misery\u00a0\u00bb, est d\u00e9c\u00e9d\u00e9 \u00e0 l&rsquo;\u00e2ge de 82 ans, ont annonc\u00e9 sa famille et son manageur jeudi.<\/strong><\/span><\/h4>\n<p><strong>\u00a0<\/strong><strong>\u00ab\u00a0<\/strong><strong>C\u2019est avec une grande tristesse que nous vous informons du d\u00e9c\u00e8s de Jimmy le soir du 6 juillet\u00a0\u00bb, a d\u00e9clar\u00e9 sa famille dans un tweet post\u00e9 sur le compte de Caan.<\/strong><\/p>\n<p><strong>N\u00e9 \u00e0 New York, dans le quartier du Bronx, en 1940, James Caan avait incarn\u00e9 en 1972 Sonny Corleone, le fils a\u00een\u00e9 de Vito Corleone (Marlon Brando) dans le film mythique de Francis Ford Coppola, \u00ab\u00a0Le Parrain\u00a0\u00bb, sur la mafia italo-am\u00e9ricaine.<\/strong><\/p>\n<p><strong>Il avait \u00e9t\u00e9 nomm\u00e9 aux Oscars pour ce r\u00f4le de Sonny Corleone, dont l\u2019assassinat brutal sous une pluie de balles \u00e0 un poste de p\u00e9age est devenu l\u2019un des moments les plus marquants du film, qui a c\u00e9l\u00e9br\u00e9 cette ann\u00e9e ses 50 ans.<\/strong><\/p>\n<p><strong>Pour l\u2019un de ses autres grands r\u00f4les, dans \u00ab\u00a0<a href=\"https:\/\/fr.wikipedia.org\/wiki\/Misery_(film)\">Misery<\/a>\u00ab\u00a0, adapt\u00e9 du livre de Stephen King, il jouait un \u00e9crivain s\u00e9questr\u00e9 par une femme diabolique incarn\u00e9e par Kathy Bates.<\/strong><\/p>\n","protected":false},"excerpt":{"rendered":"<p>L&rsquo;acteur am\u00e9ricain James Caan, star des films \u00ab\u00a0Le Parrain\u00a0\u00bb et \u00ab\u00a0Misery\u00a0\u00bb, est d\u00e9c\u00e9d\u00e9 \u00e0 l&rsquo;\u00e2ge de 82 ans, ont annonc\u00e9 sa famille et son manageur jeudi. \u00a0\u00ab\u00a0C\u2019est avec une grande tristesse que nous vous informons du d\u00e9c\u00e8s de Jimmy le soir du 6 juillet\u00a0\u00bb, a d\u00e9clar\u00e9 sa famille dans un tweet post\u00e9 sur le compte [&hellip;]<\/p>\n","protected":false},"author":2,"featured_media":27588,"comment_status":"open","ping_status":"open","sticky":false,"template":"","format":"standard","meta":[],"categories":[31],"tags":[10207,10205,10206],"yst_prominent_words":[919],"jetpack_featured_media_url":"https:\/\/le12.ma\/fr\/wp-content\/uploads\/2022\/07\/james-caan.jpg","_links":{"self":[{"href":"https:\/\/le12.ma\/fr\/wp-json\/wp\/v2\/posts\/27587"}],"collection":[{"href":"https:\/\/le12.ma\/fr\/wp-json\/wp\/v2\/posts"}],"about":[{"href":"https:\/\/le12.ma\/fr\/wp-json\/wp\/v2\/types\/post"}],"author":[{"embeddable":true,"href":"https:\/\/le12.ma\/fr\/wp-json\/wp\/v2\/users\/2"}],"replies":[{"embeddable":true,"href":"https:\/\/le12.ma\/fr\/wp-json\/wp\/v2\/comments?post=27587"}],"version-history":[{"count":1,"href":"https:\/\/le12.ma\/fr\/wp-json\/wp\/v2\/posts\/27587\/revisions"}],"predecessor-version":[{"id":27589,"href":"https:\/\/le12.ma\/fr\/wp-json\/wp\/v2\/posts\/27587\/revisions\/27589"}],"wp:featuredmedia":[{"embeddable":true,"href":"https:\/\/le12.ma\/fr\/wp-json\/wp\/v2\/media\/27588"}],"wp:attachment":[{"href":"https:\/\/le12.ma\/fr\/wp-json\/wp\/v2\/media?parent=27587"}],"wp:term":[{"taxonomy":"category","embeddable":true,"href":"https:\/\/le12.ma\/fr\/wp-json\/wp\/v2\/categories?post=27587"},{"taxonomy":"post_tag","embeddable":true,"href":"https:\/\/le12.ma\/fr\/wp-json\/wp\/v2\/tags?post=27587"},{"taxonomy":"yst_prominent_words","embeddable":true,"href":"https:\/\/le12.ma\/fr\/wp-json\/wp\/v2\/yst_prominent_words?post=27587"}],"curies":[{"name":"wp","href":"https:\/\/api.w.org\/{rel}","templated":true}]}}