{"id":27404,"date":"2022-07-04T13:45:23","date_gmt":"2022-07-04T12:45:23","guid":{"rendered":"https:\/\/le12.ma\/fr\/?p=27404"},"modified":"2022-07-04T13:25:59","modified_gmt":"2022-07-04T12:25:59","slug":"la-6eme-edition-des-assises-de-lausim-revient-en-octobre","status":"publish","type":"post","link":"https:\/\/le12.ma\/fr\/la-6eme-edition-des-assises-de-lausim-revient-en-octobre\/","title":{"rendered":"La 6\u00e8me \u00e9dition des Assises de l\u2019AUSIM revient en octobre"},"content":{"rendered":"<h4><span style=\"color: #000000;\"><strong><a href=\"https:\/\/ausimaroc.com\/\">L\u2019Association des Utilisateurs des Syst\u00e8mes d\u2019Information au Maroc<\/a> (AUSIM) organise du 26 au 28 Octobre prochain \u00e0 <a href=\"https:\/\/le12.ma\/fr\/marrakech-a-lheure-de-la-1ere-maroc-fashion-week\/\">Marrakech<\/a>, la 6\u00e8me \u00e9dition des \u00ab Assises de l\u2019AUSIM \u00bb.<\/strong><\/span><\/h4>\n<p><strong>\u00a0\u00ab Digital nation, lib\u00e9rez le potentiel \u00bb, tel est le th\u00e8me choisi pour les prochaines \u00ab Assises de l\u2019AUSIM \u00bb. Un appel lanc\u00e9 aux diff\u00e9rentes parties prenantes pour acc\u00e9l\u00e9rer le processus de la transition vers une nation digitale num\u00e9rique de confiance, ouverte et num\u00e9rique qui permet de lib\u00e9rer son \u00e9norme potentiel d\u2019innovation et de croissance.<\/strong><\/p>\n<p><strong>Cette \u00e9dition, apr\u00e8s un report en 2020 \u00e0 cause de la crise sanitaire, revient du 26 au 28 Octobre 2022 et se veut particuli\u00e8rement innovante \u00e0 plusieurs titres notamment par sa nouvelle th\u00e9matique, une nouvelle dynamique (plusieurs side events), un nouveau format et surtout un rayonnement africain et international.<\/strong><\/p>\n<p><strong>\u00ab C\u2019est le plus grand rassemblement de donneurs d\u2019ordre, experts et partenaires du monde de l\u2019IT et du Digital au Maroc autour d\u2019une th\u00e9matique phare du digital nation. Nous avons choisi ce titre pour passer un message fort sur le potentiel \u00e0 lib\u00e9rer par le levier du Digital pour assurer une r\u00e9silience, une croissance, une comp\u00e9titivit\u00e9 et un d\u00e9veloppement durable. Un Digital qui accompagne l\u2019entreprise, le gouvernement et le citoyen au quotidien pour un monde Meilleur \u00bb, d\u00e9clare le Pr\u00e9sident de l\u2019AUSIM, Hicham Chiguer.<\/strong><\/p>\n<p><strong>Le rendez-vous sera le point de rencontre d\u2019une panoplie d\u2019experts nationaux et internationaux, de chefs d\u2019entreprises, d\u2019acteurs du SI et du digital, de Startups et d\u2019acteurs institutionnels afin de d\u00e9battre, d\u2019\u00e9changer avec les participants les derni\u00e8res tendances du secteur et de partager avec eux les retours d\u2019exp\u00e9riences et les orientations des experts.<\/strong><\/p>\n<p><strong>Au menu, de tables rondes, une vingtaine de sessions sectorielles et techniques qui permettront \u00e0 la communaut\u00e9 IT &amp; digitale d\u2019\u00e9changer et d\u00e9battre autour de diff\u00e9rentes th\u00e9matiques d\u2019actualit\u00e9 et de mettre l\u2019accent sur les derni\u00e8res tendances technologiques qui transforment les usages et ouvrent de nouvelles perspectives aux entreprises, en particulier pour les fonctions de DSI et Directeurs Digitaux (CDO).<\/strong><\/p>\n<p><strong>L\u2019\u00e9v\u00e9nement sera aussi l\u2019occasion pour d\u00e9couvrir pour la premi\u00e8re fois des success stories inspirantes dans le domaine. De plus, \u00e0 l\u2019image des derni\u00e8res \u00e9ditions, des Keynote Speakers de renom feront des interventions remarqu\u00e9es, et la signature d\u2019un de leur book sera organis\u00e9e en marge des Assises.<\/strong><\/p>\n<p><strong>Rappelons que les assises de l\u2019AUSIM restent le rendez-vous le plus important de l\u2019IT et du digital au Maroc, avec pr\u00e8s de 1.000 participants physiques attendus pour cette \u00e9dition. Pour ceux qui ne pourront pas effectuer le d\u00e9placement, ils auront la possibilit\u00e9 de suivre l\u2019ensemble de Assises en mode distanciel.<\/strong><\/p>\n","protected":false},"excerpt":{"rendered":"<p>L\u2019Association des Utilisateurs des Syst\u00e8mes d\u2019Information au Maroc (AUSIM) organise du 26 au 28 Octobre prochain \u00e0 Marrakech, la 6\u00e8me \u00e9dition des \u00ab Assises de l\u2019AUSIM \u00bb. \u00a0\u00ab Digital nation, lib\u00e9rez le potentiel \u00bb, tel est le th\u00e8me choisi pour les prochaines \u00ab Assises de l\u2019AUSIM \u00bb. Un appel lanc\u00e9 aux diff\u00e9rentes parties prenantes pour [&hellip;]<\/p>\n","protected":false},"author":2,"featured_media":27405,"comment_status":"open","ping_status":"open","sticky":false,"template":"","format":"standard","meta":[],"categories":[31,25],"tags":[10145,10146,592],"yst_prominent_words":[5288,4159,3913,1272,257,69,5508],"jetpack_featured_media_url":"https:\/\/le12.ma\/fr\/wp-content\/uploads\/2022\/07\/assises-ausim.jpg","_links":{"self":[{"href":"https:\/\/le12.ma\/fr\/wp-json\/wp\/v2\/posts\/27404"}],"collection":[{"href":"https:\/\/le12.ma\/fr\/wp-json\/wp\/v2\/posts"}],"about":[{"href":"https:\/\/le12.ma\/fr\/wp-json\/wp\/v2\/types\/post"}],"author":[{"embeddable":true,"href":"https:\/\/le12.ma\/fr\/wp-json\/wp\/v2\/users\/2"}],"replies":[{"embeddable":true,"href":"https:\/\/le12.ma\/fr\/wp-json\/wp\/v2\/comments?post=27404"}],"version-history":[{"count":2,"href":"https:\/\/le12.ma\/fr\/wp-json\/wp\/v2\/posts\/27404\/revisions"}],"predecessor-version":[{"id":27407,"href":"https:\/\/le12.ma\/fr\/wp-json\/wp\/v2\/posts\/27404\/revisions\/27407"}],"wp:featuredmedia":[{"embeddable":true,"href":"https:\/\/le12.ma\/fr\/wp-json\/wp\/v2\/media\/27405"}],"wp:attachment":[{"href":"https:\/\/le12.ma\/fr\/wp-json\/wp\/v2\/media?parent=27404"}],"wp:term":[{"taxonomy":"category","embeddable":true,"href":"https:\/\/le12.ma\/fr\/wp-json\/wp\/v2\/categories?post=27404"},{"taxonomy":"post_tag","embeddable":true,"href":"https:\/\/le12.ma\/fr\/wp-json\/wp\/v2\/tags?post=27404"},{"taxonomy":"yst_prominent_words","embeddable":true,"href":"https:\/\/le12.ma\/fr\/wp-json\/wp\/v2\/yst_prominent_words?post=27404"}],"curies":[{"name":"wp","href":"https:\/\/api.w.org\/{rel}","templated":true}]}}