{"id":27371,"date":"2022-07-04T10:48:58","date_gmt":"2022-07-04T09:48:58","guid":{"rendered":"https:\/\/le12.ma\/fr\/?p=27371"},"modified":"2022-07-04T10:48:58","modified_gmt":"2022-07-04T09:48:58","slug":"natacha-atlas-enchante-le-public-de-jazzablanca","status":"publish","type":"post","link":"https:\/\/le12.ma\/fr\/natacha-atlas-enchante-le-public-de-jazzablanca\/","title":{"rendered":"Natacha Atlas enchante le public de Jazzablanca"},"content":{"rendered":"<h4><span style=\"color: #000000;\"><strong>La chanteuse belge d\u2019origine \u00e9gypto-anglaise, Natacha Atlas, a gratifi\u00e9, samedi soir, le public casablancais d\u2019une sublime prestation musicale m\u00ealant jazz et m\u00e9lodies orientales, \u00e0 l\u2019occasion de la deuxi\u00e8me soir\u00e9e de la 15\u00e8me \u00e9dition de <a href=\"https:\/\/jazzablanca.com\/\">Jazzablanca Festival<\/a>.<\/strong><\/span><\/h4>\n<p><strong>Avec son style musical unique qui puise dans diff\u00e9rentes cultures et franchit les fronti\u00e8res, Natacha Atlas a interpr\u00e9t\u00e9 un floril\u00e8ge de ses titres \u00e0 succ\u00e8s, ainsi que des morceaux de son dernier album \u201cStrange days\u201d.<\/strong><\/p>\n<p><strong>Chantant en arabe et en fran\u00e7ais, elle a propos\u00e9 au public une immersion dans son univers musical ouvert sur les musiques du monde et fusionnant avec harmonie rythmes orientaux et occidentaux.<\/strong><\/p>\n<p><strong>A cette occasion, Natacha Atlas a fait de part de sa joie de retrouver le public marocain, se r\u00e9jouissant de sa 1\u00e8re participation \u00e0 Jazzablanca, dont le public a particuli\u00e8rement appr\u00e9ci\u00e9 la fusion entre jazz et musique orientale.<\/strong><\/p>\n<p><strong>Elle a ajout\u00e9 qu\u2019elle a commenc\u00e9 \u00e0 m\u00ealer jazz et m\u00e9lodies orientales depuis plusieurs ann\u00e9es, estimant que la fusion permet \u00e0 l\u2019artiste d\u2019\u00e9largir son champs de cr\u00e9ativit\u00e9 et d\u2019improvisation.<\/strong><\/p>\n<p><strong>Apr\u00e8s plusieurs albums avec le collectif londonien \u201cTransglobal Underground\u201d, Natacha Atlas a lanc\u00e9 sa carri\u00e8re solo en 1994 avec \u201cDiaspora\u201d, avant de sortir son tube \u201cMon ami la rose\u201d. Elle a \u00e9galement sign\u00e9 avec Ibrahim Maalouf l\u2019album \u201cMyriad Road\u201d, une rencontre de deux artistes dont l\u2019identit\u00e9 musicale, le m\u00e9tissage des genres et la fusion de l\u2019Orient et de l\u2019Occident est commune.<\/strong><\/p>\n<p><strong>Avant Natacha Atlas, le public de Jazzablanca a eu rendez-vous avec le groupe marocain de Jazz \/ Ethnic \u201cUrban Folklore\u201d pour un concert mettant en avant la rencontre des musiques folkloriques du monde et des musiques urbaines.<\/strong><\/p>\n<p><strong>Form\u00e9 en 2019, le groupe proposait \u00e0 ses d\u00e9buts des r\u00e9arrangements de standards de Jazz m\u00eal\u00e9s aux rythmes africains, latins, maghr\u00e9bins ou arabes. Urban Folklore pr\u00e9pare actuellement son premier EP constitu\u00e9 en grande partie de compositions originales.<\/strong><\/p>\n<p><strong>Apr\u00e8s sept premi\u00e8res ann\u00e9es au M\u00e9garama Casablanca et sept autres pass\u00e9es \u00e0 l\u2019Hippodrome Casa-Anfa, Jazzablanca s\u2019installe d\u00e9sormais \u00e0 Anfa Park. Les artistes prenant part \u00e0 15\u00e8me cette \u00e9dition de Jazzablanca se produisent sur deux sc\u00e8nes : La sc\u00e8ne du Village, rebaptis\u00e9e Sc\u00e8ne 21, en hommage \u00e0 la piste d\u2019atterrissage de l\u2019ancien a\u00e9roport Casa-Anfa, qui \u00e9tait marqu\u00e9e par le chiffre 21, et la sc\u00e8ne Casa Anfa.<\/strong><\/p>\n<p><strong>Au programme de cette 15\u00e8me \u00e9dition de Jazzablanca Festival figurent des concerts pr\u00e9sent\u00e9s par de grands noms de la sc\u00e8ne nationale et internationale.<\/strong><\/p>\n<p><strong>Lanc\u00e9 en 2006, Jazzablanca est le festival international de Jazz et de musiques actuelles de Casablanca. Il rassemble des milliers de festivaliers durant trois jours en juillet.<\/strong><\/p>\n<p><strong>Le Festival prend soin de renouveler sa programmation avec la volonte\u0301 de proposer des concerts exceptionnels, de la d\u00e9couverte de nouveaux talents a\u0300 la rencontre de l\u00e9gendes internationales.<\/strong><\/p>\n<p><strong>\u00a0<\/strong><\/p>\n","protected":false},"excerpt":{"rendered":"<p>La chanteuse belge d\u2019origine \u00e9gypto-anglaise, Natacha Atlas, a gratifi\u00e9, samedi soir, le public casablancais d\u2019une sublime prestation musicale m\u00ealant jazz et m\u00e9lodies orientales, \u00e0 l\u2019occasion de la deuxi\u00e8me soir\u00e9e de la 15\u00e8me \u00e9dition de Jazzablanca Festival. Avec son style musical unique qui puise dans diff\u00e9rentes cultures et franchit les fronti\u00e8res, Natacha Atlas a interpr\u00e9t\u00e9 un [&hellip;]<\/p>\n","protected":false},"author":2,"featured_media":27372,"comment_status":"open","ping_status":"open","sticky":false,"template":"","format":"standard","meta":[],"categories":[31],"tags":[10137,10136],"yst_prominent_words":[457,1368],"jetpack_featured_media_url":"https:\/\/le12.ma\/fr\/wp-content\/uploads\/2022\/07\/natacha-atlas-press-shot-2-.jpg","_links":{"self":[{"href":"https:\/\/le12.ma\/fr\/wp-json\/wp\/v2\/posts\/27371"}],"collection":[{"href":"https:\/\/le12.ma\/fr\/wp-json\/wp\/v2\/posts"}],"about":[{"href":"https:\/\/le12.ma\/fr\/wp-json\/wp\/v2\/types\/post"}],"author":[{"embeddable":true,"href":"https:\/\/le12.ma\/fr\/wp-json\/wp\/v2\/users\/2"}],"replies":[{"embeddable":true,"href":"https:\/\/le12.ma\/fr\/wp-json\/wp\/v2\/comments?post=27371"}],"version-history":[{"count":1,"href":"https:\/\/le12.ma\/fr\/wp-json\/wp\/v2\/posts\/27371\/revisions"}],"predecessor-version":[{"id":27373,"href":"https:\/\/le12.ma\/fr\/wp-json\/wp\/v2\/posts\/27371\/revisions\/27373"}],"wp:featuredmedia":[{"embeddable":true,"href":"https:\/\/le12.ma\/fr\/wp-json\/wp\/v2\/media\/27372"}],"wp:attachment":[{"href":"https:\/\/le12.ma\/fr\/wp-json\/wp\/v2\/media?parent=27371"}],"wp:term":[{"taxonomy":"category","embeddable":true,"href":"https:\/\/le12.ma\/fr\/wp-json\/wp\/v2\/categories?post=27371"},{"taxonomy":"post_tag","embeddable":true,"href":"https:\/\/le12.ma\/fr\/wp-json\/wp\/v2\/tags?post=27371"},{"taxonomy":"yst_prominent_words","embeddable":true,"href":"https:\/\/le12.ma\/fr\/wp-json\/wp\/v2\/yst_prominent_words?post=27371"}],"curies":[{"name":"wp","href":"https:\/\/api.w.org\/{rel}","templated":true}]}}