{"id":27246,"date":"2022-06-30T17:03:51","date_gmt":"2022-06-30T16:03:51","guid":{"rendered":"https:\/\/le12.ma\/fr\/?p=27246"},"modified":"2022-06-30T17:03:51","modified_gmt":"2022-06-30T16:03:51","slug":"la-2eme-edition-du-festival-dakhla-poemes-et-cordes-du-01-au-03-juillet","status":"publish","type":"post","link":"https:\/\/le12.ma\/fr\/la-2eme-edition-du-festival-dakhla-poemes-et-cordes-du-01-au-03-juillet\/","title":{"rendered":"La 2\u00e9me \u00e9dition du festival \u201cDakhla po\u00e8mes et cordes\u201d du 01 au 03 juillet"},"content":{"rendered":"<h4><span style=\"color: #000000;\"><strong>La direction r\u00e9gionale de la Culture de Dakhla-Oued Eddahab organisera, du 01 au 03 juillet \u00e0 Dakhla, la 2\u00e9me \u00e9dition du festival \u201cDakhla po\u00e8mes et cordes\u201d.<\/strong><\/span><\/h4>\n<p><strong>Initi\u00e9e sous le th\u00e8me \u201cla musique, un pont d\u2019amabilit\u00e9\u201d, cette manifestation culturelle qui intervient dans le sillage de la c\u00e9l\u00e9bration de la F\u00eate de tr\u00f4ne et de la Journ\u00e9e internationale de la musique, s\u2019inscrit dans le cadre de la mise en \u0153uvre des dispositions de la composante culturelle du programme de d\u00e9veloppement int\u00e9gr\u00e9 de la r\u00e9gion, indique un communiqu\u00e9 de la direction r\u00e9gionale de la Culture.<\/strong><\/p>\n<p><strong>Organis\u00e9 en collaboration avec la wilaya de la r\u00e9gion Dakhla-Oued Eddahab, le Conseil r\u00e9gional et le Conseil communal, cet \u00e9v\u00e8nement artistique vise \u00e0 promouvoir l\u2019animation culturelle et musicale au niveau de la r\u00e9gion.<\/strong><\/p>\n<p><strong>Le festival verra la participation d\u2019une constellation d\u2019artistes, de po\u00e8tes et de conteurs marocains et mauritaniens, souligne le communiqu\u00e9, notant que le programme de cette manifestation pr\u00e9voit des soir\u00e9es musicales agr\u00e9ment\u00e9es par une brochette d\u2019artistes et de musiciens munis des instruments de musique traditionnels, en l\u2019occurrence le \u201cTidinite\u201d, le \u201cNifara\u201d ou l&rsquo;\u201dArd\u00een\u201d.<\/strong><\/p>\n<p><strong>Le public sera au rendez-vous avec des soir\u00e9es \u00e9clectiques en plein air dans la place Hassan II, un des principaux lieux de la perle du Sud.<\/strong><\/p>\n","protected":false},"excerpt":{"rendered":"<p>La direction r\u00e9gionale de la Culture de Dakhla-Oued Eddahab organisera, du 01 au 03 juillet \u00e0 Dakhla, la 2\u00e9me \u00e9dition du festival \u201cDakhla po\u00e8mes et cordes\u201d. Initi\u00e9e sous le th\u00e8me \u201cla musique, un pont d\u2019amabilit\u00e9\u201d, cette manifestation culturelle qui intervient dans le sillage de la c\u00e9l\u00e9bration de la F\u00eate de tr\u00f4ne et de la Journ\u00e9e [&hellip;]<\/p>\n","protected":false},"author":2,"featured_media":27247,"comment_status":"open","ping_status":"open","sticky":false,"template":"","format":"standard","meta":[],"categories":[31],"tags":[10091,578,10092,10090],"yst_prominent_words":[145,100,583,261,574,4839,1374,3566,4394,457,259,449,967,3574],"jetpack_featured_media_url":"https:\/\/le12.ma\/fr\/wp-content\/uploads\/2022\/06\/Capture789.png","_links":{"self":[{"href":"https:\/\/le12.ma\/fr\/wp-json\/wp\/v2\/posts\/27246"}],"collection":[{"href":"https:\/\/le12.ma\/fr\/wp-json\/wp\/v2\/posts"}],"about":[{"href":"https:\/\/le12.ma\/fr\/wp-json\/wp\/v2\/types\/post"}],"author":[{"embeddable":true,"href":"https:\/\/le12.ma\/fr\/wp-json\/wp\/v2\/users\/2"}],"replies":[{"embeddable":true,"href":"https:\/\/le12.ma\/fr\/wp-json\/wp\/v2\/comments?post=27246"}],"version-history":[{"count":1,"href":"https:\/\/le12.ma\/fr\/wp-json\/wp\/v2\/posts\/27246\/revisions"}],"predecessor-version":[{"id":27248,"href":"https:\/\/le12.ma\/fr\/wp-json\/wp\/v2\/posts\/27246\/revisions\/27248"}],"wp:featuredmedia":[{"embeddable":true,"href":"https:\/\/le12.ma\/fr\/wp-json\/wp\/v2\/media\/27247"}],"wp:attachment":[{"href":"https:\/\/le12.ma\/fr\/wp-json\/wp\/v2\/media?parent=27246"}],"wp:term":[{"taxonomy":"category","embeddable":true,"href":"https:\/\/le12.ma\/fr\/wp-json\/wp\/v2\/categories?post=27246"},{"taxonomy":"post_tag","embeddable":true,"href":"https:\/\/le12.ma\/fr\/wp-json\/wp\/v2\/tags?post=27246"},{"taxonomy":"yst_prominent_words","embeddable":true,"href":"https:\/\/le12.ma\/fr\/wp-json\/wp\/v2\/yst_prominent_words?post=27246"}],"curies":[{"name":"wp","href":"https:\/\/api.w.org\/{rel}","templated":true}]}}