{"id":27163,"date":"2022-06-29T13:47:39","date_gmt":"2022-06-29T12:47:39","guid":{"rendered":"https:\/\/le12.ma\/fr\/?p=27163"},"modified":"2022-06-29T13:47:39","modified_gmt":"2022-06-29T12:47:39","slug":"plastique-alj-pour-la-creation-dune-filiere-de-recyclage","status":"publish","type":"post","link":"https:\/\/le12.ma\/fr\/plastique-alj-pour-la-creation-dune-filiere-de-recyclage\/","title":{"rendered":"Plastique : Alj pour la cr\u00e9ation d\u2019une fili\u00e8re de recyclage"},"content":{"rendered":"<h4><span style=\"color: #000000;\"><strong>Le pr\u00e9sident de la Conf\u00e9d\u00e9ration g\u00e9n\u00e9rale des entreprises du Maroc (<a href=\"https:\/\/le12.ma\/fr\/casablanca-m-alj-se-reunit-avec-les-presidents-des-cgem-regions-et-des-federations-internes\/\">CGEM<\/a>), <a href=\"https:\/\/le12.ma\/fr\/casablanca-m-alj-se-reunit-avec-les-presidents-des-cgem-regions-et-des-federations-internes\/\">Chakib<\/a> Alj, a soulign\u00e9, mardi \u00e0 Casablanca, l\u2019importance de cr\u00e9er une fili\u00e8re sp\u00e9cialis\u00e9e dans le recyclage des plastiques.<\/strong><\/span><\/h4>\n<p><strong>\u00ab\u00a0<\/strong><b>L\u2019int\u00e9gration de la dimension circulaire dans nos pratiques industrielles contribuera non seulement aux efforts de d\u00e9carbonations de notre \u00e9conomie\u060c mais permettra \u00e9galement de r\u00e9pondre\u060c dans une large mesure, \u00e0 la probl\u00e9matique de d\u00e9pendance aux importations \u00ab\u00a0, a expliqu\u00e9 M. Alj qui s\u2019exprimait \u00e0 l\u2019ouverture de la 10\u00e8me \u00e9dition du Forum-Exposition international de la Plasturgie.<\/b><\/p>\n<p><strong>Cela constituera aussi un levier important pour l\u2019\u00e9mergence de la fili\u00e8re de r\u00e9cup\u00e9ration, prise en main, jusque-l\u00e0 par le secteur informel, a-t-il dit, notant \u00ab\u00a0qu&rsquo;\u00e0 ce niveau, l\u2019impact des cotisations op\u00e9r\u00e9es par nos structures en mati\u00e8re d\u2019\u00e9cotaxe a un r\u00f4le important \u00e0 jouer \u00ab\u00a0.<\/strong><\/p>\n<p><strong>La fili\u00e8re d\u2019emballage, selon M. Alj, dispose \u00e9galement d\u2019un potentiel \u00e9conomique intersectoriel important, avec un enjeu \u00e9cologique \u00e0 int\u00e9grer dans les travaux d\u2019innovation des op\u00e9rateurs.<\/strong><\/p>\n<p><strong>\u00ab\u00a0<\/strong><strong>C\u2019est en effet \u00e0 travers des chantiers comme ceux-l\u00e0 que s\u2019op\u00e9rerait la synergie de croissance intersectorielle avec comme objectifs le d\u00e9veloppement d\u2019investissements crois\u00e9s entre secteurs\u060c la limitation de notre d\u00e9pendance aux importations et la cr\u00e9ation d\u2019opportunit\u00e9s d\u2019emplois pour nos jeunes \u00ab\u00a0, a fait valoir le pr\u00e9sident de la CGEM.<\/strong><\/p>\n<p><strong>Pour ce faire, un ensemble de pr\u00e9requis doit \u00eatre mis en \u0153uvre, a-t-il ajout\u00e9, notant qu\u2019il s\u2019agit en l\u2019occurrence d\u2019encourager l\u2019investissement dans des machines modernes et sophistiqu\u00e9es \u00e0 travers un cofinancement de ces investissements avec l\u2019Etat.<\/strong><\/p>\n<p><strong>Il s\u2019agit, aussi, de privil\u00e9gier le produit plastique marocain dans le cadre de la commande publique \u00e0 travers l\u2019activation de la pr\u00e9f\u00e9rence nationale et de mettre le d\u00e9veloppement technologique au b\u00e9n\u00e9fice du d\u00e9veloppement industriel du pays, a relev\u00e9 M. Alj.<\/strong><\/p>\n<p><strong>Par ailleurs, le pr\u00e9sident de la CGEM a mis en avant le d\u00e9veloppement important du secteur de la plasturgie, notamment en termes de qualit\u00e9 de l\u2019offre ainsi que la structuration des fili\u00e8res sp\u00e9cialis\u00e9es, impuls\u00e9s par la signature du contrat programme 2013-2020 d\u00e9di\u00e9 \u00e0 cette industrie.<\/strong><\/p>\n<p><strong>\u00ab\u00a0<\/strong><strong>Le savoir-faire historique et reconnu des op\u00e9rateurs nationaux de ce secteur transverse et ce partenariat public-priv\u00e9 ont\u060c en effet\u060c permis \u00e0 cette industrie de doubler, en l\u2019espace de 5 ans, son chiffre d\u2019affaires, avec un potentiel de croissance \u00e0 deux chiffres pour les prochaines ann\u00e9es \u00ab\u00a0, a fait remarquer M. Alj.<\/strong><\/p>\n<p><strong>Organis\u00e9 par la F\u00e9d\u00e9ration Marocaine de Plasturgie (FMP), sous l\u2019\u00e9gide du minist\u00e8re de l\u2019Industrie et du Commerce, ce rendez-vous unique qui se poursuivra jusqu\u2019au 29 juin courant, rassemble des acteurs nationaux et internationaux de l\u2019industrie des plastiques avec leurs partenaires \u00e9conomiques et institutionnels autour des th\u00e9matiques d\u2019actualit\u00e9.<\/strong><\/p>\n","protected":false},"excerpt":{"rendered":"<p>Le pr\u00e9sident de la Conf\u00e9d\u00e9ration g\u00e9n\u00e9rale des entreprises du Maroc (CGEM), Chakib Alj, a soulign\u00e9, mardi \u00e0 Casablanca, l\u2019importance de cr\u00e9er une fili\u00e8re sp\u00e9cialis\u00e9e dans le recyclage des plastiques. \u00ab\u00a0L\u2019int\u00e9gration de la dimension circulaire dans nos pratiques industrielles contribuera non seulement aux efforts de d\u00e9carbonations de notre \u00e9conomie\u060c mais permettra \u00e9galement de r\u00e9pondre\u060c dans une [&hellip;]<\/p>\n","protected":false},"author":2,"featured_media":24451,"comment_status":"open","ping_status":"open","sticky":false,"template":"","format":"standard","meta":[],"categories":[25],"tags":[9122,6232,6469],"yst_prominent_words":[1963,2079,694,3689,4377,4510,362,1120,81],"jetpack_featured_media_url":"https:\/\/le12.ma\/fr\/wp-content\/uploads\/2022\/05\/M-ALJ-2.jpg","_links":{"self":[{"href":"https:\/\/le12.ma\/fr\/wp-json\/wp\/v2\/posts\/27163"}],"collection":[{"href":"https:\/\/le12.ma\/fr\/wp-json\/wp\/v2\/posts"}],"about":[{"href":"https:\/\/le12.ma\/fr\/wp-json\/wp\/v2\/types\/post"}],"author":[{"embeddable":true,"href":"https:\/\/le12.ma\/fr\/wp-json\/wp\/v2\/users\/2"}],"replies":[{"embeddable":true,"href":"https:\/\/le12.ma\/fr\/wp-json\/wp\/v2\/comments?post=27163"}],"version-history":[{"count":1,"href":"https:\/\/le12.ma\/fr\/wp-json\/wp\/v2\/posts\/27163\/revisions"}],"predecessor-version":[{"id":27164,"href":"https:\/\/le12.ma\/fr\/wp-json\/wp\/v2\/posts\/27163\/revisions\/27164"}],"wp:featuredmedia":[{"embeddable":true,"href":"https:\/\/le12.ma\/fr\/wp-json\/wp\/v2\/media\/24451"}],"wp:attachment":[{"href":"https:\/\/le12.ma\/fr\/wp-json\/wp\/v2\/media?parent=27163"}],"wp:term":[{"taxonomy":"category","embeddable":true,"href":"https:\/\/le12.ma\/fr\/wp-json\/wp\/v2\/categories?post=27163"},{"taxonomy":"post_tag","embeddable":true,"href":"https:\/\/le12.ma\/fr\/wp-json\/wp\/v2\/tags?post=27163"},{"taxonomy":"yst_prominent_words","embeddable":true,"href":"https:\/\/le12.ma\/fr\/wp-json\/wp\/v2\/yst_prominent_words?post=27163"}],"curies":[{"name":"wp","href":"https:\/\/api.w.org\/{rel}","templated":true}]}}