{"id":27107,"date":"2022-06-28T16:22:26","date_gmt":"2022-06-28T15:22:26","guid":{"rendered":"https:\/\/le12.ma\/fr\/?p=27107"},"modified":"2022-06-28T16:22:26","modified_gmt":"2022-06-28T15:22:26","slug":"bensaid-le-maroc-affrontera-mieux-les-defis-du-21e-siecle-avec-des-institutions-a-fort-ancrage-local","status":"publish","type":"post","link":"https:\/\/le12.ma\/fr\/bensaid-le-maroc-affrontera-mieux-les-defis-du-21e-siecle-avec-des-institutions-a-fort-ancrage-local\/","title":{"rendered":"Bensaid : \u00ab\u00a0Le Maroc affrontera mieux les d\u00e9fis du 21\u00e8 si\u00e8cle avec des institutions \u00e0 fort ancrage local\u00a0\u00bb"},"content":{"rendered":"<h4><span style=\"color: #000000;\"><strong>Le Maroc affrontera mieux les d\u00e9fis du 21\u00e8 si\u00e8cle avec des institutions \u00e0 fort ancrage local, en mettant au c\u0153ur de son approche la r\u00e9gion comme chef de file du d\u00e9veloppement \u00e9conomique, culturel et environnemental, a soulign\u00e9, mardi \u00e0 Rabat, le ministre de la Jeunesse, de la Culture et de la Communication, Mohamed Mehdi <a href=\"https:\/\/fr.wikipedia.org\/wiki\/Daniel_Bensa%C3%AFd\">Bensaid<\/a>.<\/strong><\/span><\/h4>\n<p><strong>S\u2019exprimant dans le cadre de la 2\u00e8me conf\u00e9rence des \u00ab <a href=\"https:\/\/le12.ma\/fr\/la-digitalisation-un-facteur-incontestable-de-creation-demplois\/\">MD Talks<\/a> \u00bb 2022, cycle de conf\u00e9rences de r\u00e9flexion strat\u00e9gique africaine et internationale initi\u00e9 par Maroc Diplomatique, M. Bensaid a indiqu\u00e9 que le Royaume devra r\u00e9affirmer son attachement \u00e0 une int\u00e9gration r\u00e9gionale qui permet d\u2019inscrire la r\u00e9gion dans un espace-monde de plus en plus int\u00e9gr\u00e9.<\/strong><\/p>\n<p><strong>Au c\u0153ur de ce maillage institutionnel, les politiques culturelles et de jeunesse doivent \u00e9galement s\u2019adapter aux particularit\u00e9s r\u00e9gionales afin d\u2019\u00eatre en ad\u00e9quation avec les r\u00e9alit\u00e9s de terrain, a-t-il relev\u00e9 lors d\u2019une pl\u00e9ni\u00e8re officielle organis\u00e9e dans le cadre de cette conf\u00e9rence, tenue en pr\u00e9sence du ministre de l\u2019Enseignement sup\u00e9rieur, de la Recherche scientifique et de l\u2019Innovation, Abdellatif Miraoui. A cet \u00e9gard, le ministre a mis en avant les efforts consentis par son d\u00e9partement pour remettre les r\u00e9gions et les territoires au c\u0153ur de son approche \u00e0 m\u00eame de r\u00e9pondre aux exigences et aux besoins sp\u00e9cifiques des r\u00e9gions, d\u2019une part, et de mettre en place une offre politique adapt\u00e9e au terrain et \u00e0 ses exigences, d\u2019autre part.<\/strong><\/p>\n<p><strong>Dans ce cadre, M. Bensaid a \u00e9voqu\u00e9 le lancement d\u2019une s\u00e9rie de mesures visant l\u2019int\u00e9gration des jeunes dans la soci\u00e9t\u00e9, notamment les NEETS (sans emploi et hors du syst\u00e8me \u00e9ducatif ou de formation professionnelle) en prenant en compte les disparit\u00e9s r\u00e9gionales et territoriales.<\/strong><\/p>\n<p><strong>Le ministre a assur\u00e9 que la prise en compte des \u00e9l\u00e9ments culturels joue un r\u00f4le important dans la volont\u00e9 du minist\u00e8re de promouvoir la diversit\u00e9 des confluents de l\u2019identit\u00e9 nationale, prenant en consid\u00e9ration la dimension historique du fait r\u00e9gional marocain, qui repr\u00e9sente autant d\u2019atouts pour la r\u00e9ussite de la r\u00e9gionalisation avanc\u00e9e.<\/strong><\/p>\n<p><strong>La cons\u00e9cration de la r\u00e9gionalisation avanc\u00e9e par la Constitution a marqu\u00e9 un tournant dans la vie politique et l\u2019organisation territoriale du Maroc, a rappel\u00e9 le ministre, ajoutant qu\u2019elle a fait passer le Maroc d\u2019une \u00ab r\u00e9gionalisation naissante \u00e0 une r\u00e9gionalisation r\u00e9elle d\u2019essence d\u00e9mocratique et tourn\u00e9e vers un d\u00e9veloppement int\u00e9gr\u00e9 du territoire et durable tant dans le temps que dans son essence et sa nature \u00bb.<\/strong><\/p>\n<p><strong>Organis\u00e9e en partenariat avec la Fondation Konrad Adenauer, cette rencontre pr\u00e9voit une pl\u00e9ni\u00e8re institutionnelle, un panel d\u2019experts et des interventions de diverses personnalit\u00e9s, qui vont traiter des th\u00e9matiques li\u00e9es au r\u00f4le des juridictions financi\u00e8res dans le renforcement des principes et valeurs de la bonne gouvernance et la r\u00e9gionalisation avanc\u00e9e face \u00e0 la d\u00e9centralisation et d\u00e9concentration, notamment.\u00a0\u00a0\u00a0\u00a0\u00a0\u00a0\u00a0\u00a0\u00a0\u00a0\u00a0\u00a0\u00a0\u00a0\u00a0\u00a0\u00a0\u00a0\u00a0\u00a0\u00a0\u00a0\u00a0\u00a0\u00a0\u00a0\u00a0\u00a0\u00a0\u00a0\u00a0\u00a0\u00a0\u00a0\u00a0\u00a0\u00a0\u00a0\u00a0\u00a0\u00a0\u00a0 <\/strong><\/p>\n","protected":false},"excerpt":{"rendered":"<p>Le Maroc affrontera mieux les d\u00e9fis du 21\u00e8 si\u00e8cle avec des institutions \u00e0 fort ancrage local, en mettant au c\u0153ur de son approche la r\u00e9gion comme chef de file du d\u00e9veloppement \u00e9conomique, culturel et environnemental, a soulign\u00e9, mardi \u00e0 Rabat, le ministre de la Jeunesse, de la Culture et de la Communication, Mohamed Mehdi Bensaid. [&hellip;]<\/p>\n","protected":false},"author":2,"featured_media":25166,"comment_status":"open","ping_status":"open","sticky":false,"template":"","format":"standard","meta":[],"categories":[22],"tags":[10028,9020,182,10027],"yst_prominent_words":[1727,4978,571,366,3603,694,3716,69,193,967,2457,4843,4556],"jetpack_featured_media_url":"https:\/\/le12.ma\/fr\/wp-content\/uploads\/2022\/05\/Bensaid-_Chambre-Representants.jpg","_links":{"self":[{"href":"https:\/\/le12.ma\/fr\/wp-json\/wp\/v2\/posts\/27107"}],"collection":[{"href":"https:\/\/le12.ma\/fr\/wp-json\/wp\/v2\/posts"}],"about":[{"href":"https:\/\/le12.ma\/fr\/wp-json\/wp\/v2\/types\/post"}],"author":[{"embeddable":true,"href":"https:\/\/le12.ma\/fr\/wp-json\/wp\/v2\/users\/2"}],"replies":[{"embeddable":true,"href":"https:\/\/le12.ma\/fr\/wp-json\/wp\/v2\/comments?post=27107"}],"version-history":[{"count":1,"href":"https:\/\/le12.ma\/fr\/wp-json\/wp\/v2\/posts\/27107\/revisions"}],"predecessor-version":[{"id":27108,"href":"https:\/\/le12.ma\/fr\/wp-json\/wp\/v2\/posts\/27107\/revisions\/27108"}],"wp:featuredmedia":[{"embeddable":true,"href":"https:\/\/le12.ma\/fr\/wp-json\/wp\/v2\/media\/25166"}],"wp:attachment":[{"href":"https:\/\/le12.ma\/fr\/wp-json\/wp\/v2\/media?parent=27107"}],"wp:term":[{"taxonomy":"category","embeddable":true,"href":"https:\/\/le12.ma\/fr\/wp-json\/wp\/v2\/categories?post=27107"},{"taxonomy":"post_tag","embeddable":true,"href":"https:\/\/le12.ma\/fr\/wp-json\/wp\/v2\/tags?post=27107"},{"taxonomy":"yst_prominent_words","embeddable":true,"href":"https:\/\/le12.ma\/fr\/wp-json\/wp\/v2\/yst_prominent_words?post=27107"}],"curies":[{"name":"wp","href":"https:\/\/api.w.org\/{rel}","templated":true}]}}