{"id":27043,"date":"2022-06-27T18:07:56","date_gmt":"2022-06-27T17:07:56","guid":{"rendered":"https:\/\/le12.ma\/fr\/?p=27043"},"modified":"2022-06-27T18:07:56","modified_gmt":"2022-06-27T17:07:56","slug":"le-choeur-dessaouira-mogador-voit-le-jour","status":"publish","type":"post","link":"https:\/\/le12.ma\/fr\/le-choeur-dessaouira-mogador-voit-le-jour\/","title":{"rendered":"Le ch\u0153ur d\u2019Essaouira Mogador voit le jour"},"content":{"rendered":"<h4><span style=\"color: #000000;\"><strong>Le ch\u0153ur d\u2019Essaouira <a href=\"https:\/\/le12.ma\/fr\/aeroport-essaouira-mogador-chute-de-pres-de-92-du-trafic-aerien-a-fin-fevrier-onda\/\">Mogador<\/a>, une \u00e9ni\u00e8me initiative qui renforce la panoplie riche des activit\u00e9s et programmes propos\u00e9s par l\u2019association <a href=\"https:\/\/le12.ma\/fr\/essaouira-face-a-la-magnificence-des-silhouettes-et-portraits-anonymes-du-plasticien-nafiaa-amthqal\/\">Essaouira<\/a>-Mogador, vient de voir le jour dans la cit\u00e9 des Aliz\u00e9s.<\/strong><\/span><\/h4>\n<p><strong>\u201cIls \u00e9taient plusieurs \u00e0 avoir envie de chanter dans une chorale. C\u2019est chose faite gr\u00e2ce \u00e0 l\u2019association Essaouira-Mogador, qui a ajout\u00e9 la nouvelle discipline \u00e0 sa panoplie d\u2019activit\u00e9s, ainsi qu\u2019au programme Dakira visant la pr\u00e9servation de la m\u00e9moire culturelle du Maroc\u201d, indique un communiqu\u00e9 de l\u2019association.<\/strong><\/p>\n<p><strong>Ainsi, les choristes se retrouvent \u00e0 \u201cBayt Dakira\u201d tous les dimanches de 15h30 \u00e0 17h30, sous la houlette de Safouane Moqadem, pour deux heures de chants, pr\u00e9cise la m\u00eame source.<\/strong><\/p>\n<p><strong>\u201cLe ch\u0153ur d\u2019Essaouira Mogador veut toucher les c\u0153urs, dans la joie et la bonne humeur\u201d, a expliqu\u00e9 Kaoutar Chakir Benamara, secr\u00e9taire g\u00e9n\u00e9rale de l\u2019Association Essaouira-Mogador, ajoutant qu\u2019il s\u2019agit d\u2019un ch\u0153ur \u201cgratuit et ouvert \u00e0 tous, sans s\u00e9lection, sans discrimination et sans distinction confessionnelle\u201d.<\/strong><\/p>\n<p><strong>\u201cC\u2019est un ch\u0153ur o\u00f9 aucune connaissance musicale n\u2019est exig\u00e9e, ce qui est int\u00e9ressant, c\u2019est la mixit\u00e9 des profils\u201d, a-t-elle soulign\u00e9, notant que \u201ctoute personne ayant envie de chanter est la bienvenue, ce qui permet \u00e0 diff\u00e9rentes g\u00e9n\u00e9rations de se c\u00f4toyer et de travailler ensemble\u201d.<\/strong><\/p>\n<p><strong>\u201cCe ch\u0153ur, qui est une initiative culturelle importante de l\u2019Association Essaouira-Mogador, fournit une plateforme o\u00f9 les Souiris peuvent am\u00e9liorer leurs comp\u00e9tences en chant tout en apprenant la riche tradition musicale marocaine\u201d, a-t-elle affirm\u00e9.<\/strong><\/p>\n<p><strong>Faisant remarquer qu\u2019Essaouira regorge d\u2019une p\u00e9pini\u00e8re de talents, elle a estim\u00e9 que la ville m\u00e9rite d\u2019avoir un ch\u0153ur digne de sa renomm\u00e9e et de celle de l\u2019association Essaouira-Mogador.<\/strong><\/p>\n<p><strong>Mme Chakir Benamara, qui entend conduire le ch\u0153ur d\u2019Essaouira Mogador au devant de la sc\u00e8ne, a indiqu\u00e9 que \u201cnous pensons r\u00e9unir dans le futur le ch\u0153ur d\u2019Essaouira et le ch\u0153ur de certaines villes internationales pour chanter ensemble l\u2019espoir, la fraternit\u00e9 et la convivencia, et faire partager, en chansons, des le\u00e7ons de tol\u00e9rance, d\u2019amiti\u00e9 et de respect mutuel\u201d.<\/strong><\/p>\n<p><strong>\u201cLorsque l\u2019on chante, on oublie tous nos soucis quotidiens\u201d, confient, pour leur part, des choristes, cit\u00e9s dans le communiqu\u00e9, ajoutant qu\u2019\u201den effet, le chant nous aide \u00e0 g\u00e9rer notre stress car chanter est une th\u00e9rapie pour plusieurs d\u2019entre nous\u201d.<\/strong><\/p>\n<p><strong>A travers la musique, l\u2019Association Essaouira-Mogador rapproche les jeunes de diff\u00e9rents horizons et promeut le dialogue entre les peuples, rel\u00e8ve le communiqu\u00e9 avant de conclure que par le biais de ce ch\u0153ur, l\u2019Association Essaouira-Mogador contribue ainsi \u00e0 la pr\u00e9servation et la conservation du patrimoine musical marocain.<\/strong><\/p>\n","protected":false},"excerpt":{"rendered":"<p>Le ch\u0153ur d\u2019Essaouira Mogador, une \u00e9ni\u00e8me initiative qui renforce la panoplie riche des activit\u00e9s et programmes propos\u00e9s par l\u2019association Essaouira-Mogador, vient de voir le jour dans la cit\u00e9 des Aliz\u00e9s. \u201cIls \u00e9taient plusieurs \u00e0 avoir envie de chanter dans une chorale. C\u2019est chose faite gr\u00e2ce \u00e0 l\u2019association Essaouira-Mogador, qui a ajout\u00e9 la nouvelle discipline \u00e0 [&hellip;]<\/p>\n","protected":false},"author":2,"featured_media":27044,"comment_status":"open","ping_status":"open","sticky":false,"template":"","format":"standard","meta":[],"categories":[31],"tags":[10006,376,6523],"yst_prominent_words":[1226,145,357],"jetpack_featured_media_url":"https:\/\/le12.ma\/fr\/wp-content\/uploads\/2022\/06\/9f.jpg","_links":{"self":[{"href":"https:\/\/le12.ma\/fr\/wp-json\/wp\/v2\/posts\/27043"}],"collection":[{"href":"https:\/\/le12.ma\/fr\/wp-json\/wp\/v2\/posts"}],"about":[{"href":"https:\/\/le12.ma\/fr\/wp-json\/wp\/v2\/types\/post"}],"author":[{"embeddable":true,"href":"https:\/\/le12.ma\/fr\/wp-json\/wp\/v2\/users\/2"}],"replies":[{"embeddable":true,"href":"https:\/\/le12.ma\/fr\/wp-json\/wp\/v2\/comments?post=27043"}],"version-history":[{"count":1,"href":"https:\/\/le12.ma\/fr\/wp-json\/wp\/v2\/posts\/27043\/revisions"}],"predecessor-version":[{"id":27045,"href":"https:\/\/le12.ma\/fr\/wp-json\/wp\/v2\/posts\/27043\/revisions\/27045"}],"wp:featuredmedia":[{"embeddable":true,"href":"https:\/\/le12.ma\/fr\/wp-json\/wp\/v2\/media\/27044"}],"wp:attachment":[{"href":"https:\/\/le12.ma\/fr\/wp-json\/wp\/v2\/media?parent=27043"}],"wp:term":[{"taxonomy":"category","embeddable":true,"href":"https:\/\/le12.ma\/fr\/wp-json\/wp\/v2\/categories?post=27043"},{"taxonomy":"post_tag","embeddable":true,"href":"https:\/\/le12.ma\/fr\/wp-json\/wp\/v2\/tags?post=27043"},{"taxonomy":"yst_prominent_words","embeddable":true,"href":"https:\/\/le12.ma\/fr\/wp-json\/wp\/v2\/yst_prominent_words?post=27043"}],"curies":[{"name":"wp","href":"https:\/\/api.w.org\/{rel}","templated":true}]}}