{"id":27013,"date":"2022-06-27T14:03:44","date_gmt":"2022-06-27T13:03:44","guid":{"rendered":"https:\/\/le12.ma\/fr\/?p=27013"},"modified":"2022-06-27T14:06:49","modified_gmt":"2022-06-27T13:06:49","slug":"le-prix-de-la-derniere-tenue-de-saad-lamjarred-photo","status":"publish","type":"post","link":"https:\/\/le12.ma\/fr\/le-prix-de-la-derniere-tenue-de-saad-lamjarred-photo\/","title":{"rendered":"Le prix de la derni\u00e8re tenue de Saad Lamjarred (PHOTO)"},"content":{"rendered":"<h4><span style=\"color: #000000;\"><strong><a href=\"https:\/\/le12.ma\/fr\/irak-appel-au-boycott-du-concert-de-saad-lamjarred\/\">Saad<\/a> Lamjarred a \u00e9t\u00e9 la vedette ayant anim\u00e9 la c\u00e9l\u00e9bration d\u2019un mariage, vendredi dernier. Et cette nouvelle apparition du Lamjarred a de nouveau suscit\u00e9 une grande pol\u00e9mique sur les r\u00e9seaux sociaux \u00e0 cause de la tenue que portait lors de ce mariage.<\/strong><\/span><\/h4>\n<p><strong>Cette fois-ci, il s\u2019est av\u00e9r\u00e9 que la marque vestimentaire, dont le chanteur portait la tenue lors de ce mariage, est mondialement connue par sa confection de pyjamas pour hommes : \u00ab <a href=\"https:\/\/www.ramzen.com\/products\/camicia-collo-pigiama\">Camicia collo pigiama<\/a> \u00bb. Et les prix \u00ab modiques \u00bb de ses v\u00eatements co\u00fbtent dans les 985 euros, c\u2019est-\u00e0-dire, les quelque 10.000 dirhams marocains\u00a0!<\/strong><\/p>\n<p><strong>A rappeler que la pr\u00e9sence de Saad Lamjarred \u00e0 ce mariage, le premier du genre en Egypte, survient apr\u00e8s son interdiction de se produire du c\u00f4t\u00e9 du Nil, suite \u00e0 une campagne \u00e9lectronique f\u00e9roce men\u00e9e par ses d\u00e9tracteurs du pays des Pharaons, \u00e0 cause des accusations de violence et de viols port\u00e9s contre lui depuis plusieurs ann\u00e9es.<\/strong><\/p>\n<p>&nbsp;<\/p>\n<p><img decoding=\"async\" loading=\"lazy\" class=\"alignnone  wp-image-27018\" src=\"https:\/\/le12.ma\/fr\/wp-content\/uploads\/2022\/06\/Capture1225-300x148.png\" alt=\"\" width=\"628\" height=\"310\" srcset=\"https:\/\/le12.ma\/fr\/wp-content\/uploads\/2022\/06\/Capture1225-300x148.png 300w, https:\/\/le12.ma\/fr\/wp-content\/uploads\/2022\/06\/Capture1225-1024x506.png 1024w, https:\/\/le12.ma\/fr\/wp-content\/uploads\/2022\/06\/Capture1225-768x380.png 768w, https:\/\/le12.ma\/fr\/wp-content\/uploads\/2022\/06\/Capture1225.png 1203w\" sizes=\"(max-width: 628px) 100vw, 628px\" \/><\/p>\n<p>&nbsp;<\/p>\n<p>&nbsp;<\/p>\n<p>&nbsp;<\/p>\n","protected":false},"excerpt":{"rendered":"<p>Saad Lamjarred a \u00e9t\u00e9 la vedette ayant anim\u00e9 la c\u00e9l\u00e9bration d\u2019un mariage, vendredi dernier. Et cette nouvelle apparition du Lamjarred a de nouveau suscit\u00e9 une grande pol\u00e9mique sur les r\u00e9seaux sociaux \u00e0 cause de la tenue que portait lors de ce mariage. Cette fois-ci, il s\u2019est av\u00e9r\u00e9 que la marque vestimentaire, dont le chanteur portait [&hellip;]<\/p>\n","protected":false},"author":2,"featured_media":27015,"comment_status":"open","ping_status":"open","sticky":false,"template":"","format":"standard","meta":[],"categories":[9442,9443,31],"tags":[9394,585,8915],"yst_prominent_words":[3242,2984,2987,2977],"jetpack_featured_media_url":"https:\/\/le12.ma\/fr\/wp-content\/uploads\/2022\/06\/WhatsApp-Image-2022-06-25-at-19.40.27.jpeg","_links":{"self":[{"href":"https:\/\/le12.ma\/fr\/wp-json\/wp\/v2\/posts\/27013"}],"collection":[{"href":"https:\/\/le12.ma\/fr\/wp-json\/wp\/v2\/posts"}],"about":[{"href":"https:\/\/le12.ma\/fr\/wp-json\/wp\/v2\/types\/post"}],"author":[{"embeddable":true,"href":"https:\/\/le12.ma\/fr\/wp-json\/wp\/v2\/users\/2"}],"replies":[{"embeddable":true,"href":"https:\/\/le12.ma\/fr\/wp-json\/wp\/v2\/comments?post=27013"}],"version-history":[{"count":3,"href":"https:\/\/le12.ma\/fr\/wp-json\/wp\/v2\/posts\/27013\/revisions"}],"predecessor-version":[{"id":27019,"href":"https:\/\/le12.ma\/fr\/wp-json\/wp\/v2\/posts\/27013\/revisions\/27019"}],"wp:featuredmedia":[{"embeddable":true,"href":"https:\/\/le12.ma\/fr\/wp-json\/wp\/v2\/media\/27015"}],"wp:attachment":[{"href":"https:\/\/le12.ma\/fr\/wp-json\/wp\/v2\/media?parent=27013"}],"wp:term":[{"taxonomy":"category","embeddable":true,"href":"https:\/\/le12.ma\/fr\/wp-json\/wp\/v2\/categories?post=27013"},{"taxonomy":"post_tag","embeddable":true,"href":"https:\/\/le12.ma\/fr\/wp-json\/wp\/v2\/tags?post=27013"},{"taxonomy":"yst_prominent_words","embeddable":true,"href":"https:\/\/le12.ma\/fr\/wp-json\/wp\/v2\/yst_prominent_words?post=27013"}],"curies":[{"name":"wp","href":"https:\/\/api.w.org\/{rel}","templated":true}]}}