{"id":26998,"date":"2022-06-27T11:52:34","date_gmt":"2022-06-27T10:52:34","guid":{"rendered":"https:\/\/le12.ma\/fr\/?p=26998"},"modified":"2022-06-27T11:52:34","modified_gmt":"2022-06-27T10:52:34","slug":"marcel-khalife-hospitalise-a-rabat-photo","status":"publish","type":"post","link":"https:\/\/le12.ma\/fr\/marcel-khalife-hospitalise-a-rabat-photo\/","title":{"rendered":"Marcel Khalif\u00e9 hospitalis\u00e9 \u00e0 Rabat (Photo)"},"content":{"rendered":"<h4><strong><span style=\"color: #000000;\"><a href=\"https:\/\/en.wikipedia.org\/wiki\/Marcel_Khalife\">Le chanteur libanais<\/a> Marcel Khalif\u00e9 a d\u00fb \u00eatre hospitalis\u00e9 en urgence, hier dimanche, suite \u00e0 un malaise.<\/span> <\/strong><\/h4>\n<p><strong>Sur sa page Facebook, le chanteur libanais a tenu \u00e0 remercier le staff de l\u2019\u00e9tablissement hospitalier :\u00a0<\/strong><strong>\u00ab\u00a0<\/strong><strong>Je suis souffrant et j\u2019ai \u00e9t\u00e9 hospitalis\u00e9 \u00e0 Rabat. Croyant que je n\u2019allais recevoir que les soins appropri\u00e9s \u00e0 mon malaise, j\u2019ai \u00e9t\u00e9 surpris par le bel accueil qu\u2019on m\u2019a r\u00e9serv\u00e9. Le staff a pris soin de moi et m\u2019a rendu hommage de la plus belle des mani\u00e8res. J\u2019ai \u00e9t\u00e9 entour\u00e9 d\u2019amour, jusqu\u2019\u00e0 subir \u00ab\u00a0un harc\u00e8lement\u00a0\u00bb \u00e9motionnel. Lors de cette exp\u00e9rience, je me suis rendu compte que j\u2019ai bien accompli ma mission\u00a0\u00bb, s\u2019est r\u00e9joui Marcel.<\/strong><\/p>\n<p><strong>Et d\u2019ajouter : \u00ab\u00a0A tous les m\u00e9decins, les infirmiers, les amis et \u00e0 tous ceux qui ont veill\u00e9 sur moi, veuillez accepter mes sinc\u00e8res remerciements. Je vous en serai \u00e0 tout jamais reconnaissant\u00a0\u00bb.<\/strong><\/p>\n<p>&nbsp;<\/p>\n<p>&nbsp;<\/p>\n<p><img decoding=\"async\" loading=\"lazy\" class=\"alignnone  wp-image-27000\" src=\"https:\/\/le12.ma\/fr\/wp-content\/uploads\/2022\/06\/\u0645\u0627\u0631\u0633\u064a\u0644-\u062e\u0644\u064a\u0641\u0629-300x245.jpg\" alt=\"\" width=\"457\" height=\"373\" srcset=\"https:\/\/le12.ma\/fr\/wp-content\/uploads\/2022\/06\/\u0645\u0627\u0631\u0633\u064a\u0644-\u062e\u0644\u064a\u0641\u0629-300x245.jpg 300w, https:\/\/le12.ma\/fr\/wp-content\/uploads\/2022\/06\/\u0645\u0627\u0631\u0633\u064a\u0644-\u062e\u0644\u064a\u0641\u0629.jpg 522w\" sizes=\"(max-width: 457px) 100vw, 457px\" \/><\/p>\n","protected":false},"excerpt":{"rendered":"<p>Le chanteur libanais Marcel Khalif\u00e9 a d\u00fb \u00eatre hospitalis\u00e9 en urgence, hier dimanche, suite \u00e0 un malaise. Sur sa page Facebook, le chanteur libanais a tenu \u00e0 remercier le staff de l\u2019\u00e9tablissement hospitalier :\u00a0\u00ab\u00a0Je suis souffrant et j\u2019ai \u00e9t\u00e9 hospitalis\u00e9 \u00e0 Rabat. Croyant que je n\u2019allais recevoir que les soins appropri\u00e9s \u00e0 mon malaise, j\u2019ai [&hellip;]<\/p>\n","protected":false},"author":2,"featured_media":27001,"comment_status":"open","ping_status":"open","sticky":false,"template":"","format":"standard","meta":[],"categories":[9442,9443,31],"tags":[9992,9991,5112],"yst_prominent_words":[2986,2004,3128],"jetpack_featured_media_url":"https:\/\/le12.ma\/fr\/wp-content\/uploads\/2022\/06\/marcel-khalife-1.jpg","_links":{"self":[{"href":"https:\/\/le12.ma\/fr\/wp-json\/wp\/v2\/posts\/26998"}],"collection":[{"href":"https:\/\/le12.ma\/fr\/wp-json\/wp\/v2\/posts"}],"about":[{"href":"https:\/\/le12.ma\/fr\/wp-json\/wp\/v2\/types\/post"}],"author":[{"embeddable":true,"href":"https:\/\/le12.ma\/fr\/wp-json\/wp\/v2\/users\/2"}],"replies":[{"embeddable":true,"href":"https:\/\/le12.ma\/fr\/wp-json\/wp\/v2\/comments?post=26998"}],"version-history":[{"count":1,"href":"https:\/\/le12.ma\/fr\/wp-json\/wp\/v2\/posts\/26998\/revisions"}],"predecessor-version":[{"id":27002,"href":"https:\/\/le12.ma\/fr\/wp-json\/wp\/v2\/posts\/26998\/revisions\/27002"}],"wp:featuredmedia":[{"embeddable":true,"href":"https:\/\/le12.ma\/fr\/wp-json\/wp\/v2\/media\/27001"}],"wp:attachment":[{"href":"https:\/\/le12.ma\/fr\/wp-json\/wp\/v2\/media?parent=26998"}],"wp:term":[{"taxonomy":"category","embeddable":true,"href":"https:\/\/le12.ma\/fr\/wp-json\/wp\/v2\/categories?post=26998"},{"taxonomy":"post_tag","embeddable":true,"href":"https:\/\/le12.ma\/fr\/wp-json\/wp\/v2\/tags?post=26998"},{"taxonomy":"yst_prominent_words","embeddable":true,"href":"https:\/\/le12.ma\/fr\/wp-json\/wp\/v2\/yst_prominent_words?post=26998"}],"curies":[{"name":"wp","href":"https:\/\/api.w.org\/{rel}","templated":true}]}}