{"id":26790,"date":"2022-06-23T10:00:21","date_gmt":"2022-06-23T09:00:21","guid":{"rendered":"https:\/\/le12.ma\/fr\/?p=26790"},"modified":"2022-06-23T00:59:02","modified_gmt":"2022-06-22T23:59:02","slug":"driss-chahtane-nouveau-president-de-lanme","status":"publish","type":"post","link":"https:\/\/le12.ma\/fr\/driss-chahtane-nouveau-president-de-lanme\/","title":{"rendered":"Driss Chahtane nouveau pr\u00e9sident de l\u2019ANME"},"content":{"rendered":"<h4><span style=\"color: #000000;\"><strong>La pr\u00e9sidence de l\u2019Association nationale des m\u00e9dias et des \u00e9diteurs (ANME) a \u00e9t\u00e9 confi\u00e9e \u00e0 Driss Chahtane, vice-pr\u00e9sident de ladite association, en r\u00e9ponse \u00e0 la volont\u00e9 de Rachid Niny de d\u00e9missionner de son poste pour des raisons personnelles.<\/strong><\/span><\/h4>\n<p><strong>Apr\u00e8s d\u00e9lib\u00e9rations, les membres du bureau ex\u00e9cutif de l\u2019ANME ont approuv\u00e9 la demande de d\u00e9mission de M. Niny conform\u00e9ment aux statuts de l\u2019Association et \u00e0 l\u2019article 14 r\u00e9gissant le cas de vacance du poste de pr\u00e9sident et qui confie cette mission au premier vice-pr\u00e9sident jusqu\u2019\u00e0 la fin du mandat du bureau actuel fix\u00e9e \u00e0 trois ans, indique mercredi un communiqu\u00e9 de l\u2019Association.<\/strong><\/p>\n<p><strong>Les membres du bureau ex\u00e9cutif ont d\u00e9cid\u00e9 d\u2019appliquer les dispositions de l\u2019article 14 et de confier \u00e0 M. Chahtane la pr\u00e9sidence de l\u2019ANME.<\/strong><\/p>\n<p><strong>Tout en remerciant M. Niny pour sa bonne gestion de l\u2019ANME, son professionnalisme et son exp\u00e9rience pour donner un meilleur \u00e9lan \u00e0 la profession, les membres du bureau ex\u00e9cutif de l\u2019Association lui expriment leur gratitude pour avoir accept\u00e9 la pr\u00e9sidence d\u2019honneur de ladite Association, conclut-on.<\/strong><\/p>\n","protected":false},"excerpt":{"rendered":"<p>La pr\u00e9sidence de l\u2019Association nationale des m\u00e9dias et des \u00e9diteurs (ANME) a \u00e9t\u00e9 confi\u00e9e \u00e0 Driss Chahtane, vice-pr\u00e9sident de ladite association, en r\u00e9ponse \u00e0 la volont\u00e9 de Rachid Niny de d\u00e9missionner de son poste pour des raisons personnelles. Apr\u00e8s d\u00e9lib\u00e9rations, les membres du bureau ex\u00e9cutif de l\u2019ANME ont approuv\u00e9 la demande de d\u00e9mission de M. [&hellip;]<\/p>\n","protected":false},"author":2,"featured_media":26791,"comment_status":"open","ping_status":"open","sticky":false,"template":"","format":"standard","meta":[],"categories":[31],"tags":[9930,9931],"yst_prominent_words":[6071,1704,4522,1700],"jetpack_featured_media_url":"https:\/\/le12.ma\/fr\/wp-content\/uploads\/2022\/06\/5555555.jpg","_links":{"self":[{"href":"https:\/\/le12.ma\/fr\/wp-json\/wp\/v2\/posts\/26790"}],"collection":[{"href":"https:\/\/le12.ma\/fr\/wp-json\/wp\/v2\/posts"}],"about":[{"href":"https:\/\/le12.ma\/fr\/wp-json\/wp\/v2\/types\/post"}],"author":[{"embeddable":true,"href":"https:\/\/le12.ma\/fr\/wp-json\/wp\/v2\/users\/2"}],"replies":[{"embeddable":true,"href":"https:\/\/le12.ma\/fr\/wp-json\/wp\/v2\/comments?post=26790"}],"version-history":[{"count":1,"href":"https:\/\/le12.ma\/fr\/wp-json\/wp\/v2\/posts\/26790\/revisions"}],"predecessor-version":[{"id":26792,"href":"https:\/\/le12.ma\/fr\/wp-json\/wp\/v2\/posts\/26790\/revisions\/26792"}],"wp:featuredmedia":[{"embeddable":true,"href":"https:\/\/le12.ma\/fr\/wp-json\/wp\/v2\/media\/26791"}],"wp:attachment":[{"href":"https:\/\/le12.ma\/fr\/wp-json\/wp\/v2\/media?parent=26790"}],"wp:term":[{"taxonomy":"category","embeddable":true,"href":"https:\/\/le12.ma\/fr\/wp-json\/wp\/v2\/categories?post=26790"},{"taxonomy":"post_tag","embeddable":true,"href":"https:\/\/le12.ma\/fr\/wp-json\/wp\/v2\/tags?post=26790"},{"taxonomy":"yst_prominent_words","embeddable":true,"href":"https:\/\/le12.ma\/fr\/wp-json\/wp\/v2\/yst_prominent_words?post=26790"}],"curies":[{"name":"wp","href":"https:\/\/api.w.org\/{rel}","templated":true}]}}