{"id":26612,"date":"2022-06-19T10:40:12","date_gmt":"2022-06-19T09:40:12","guid":{"rendered":"https:\/\/le12.ma\/fr\/?p=26612"},"modified":"2022-06-19T10:40:43","modified_gmt":"2022-06-19T09:40:43","slug":"cinq-jours-de-festivites-au-jazz-a-chellah","status":"publish","type":"post","link":"https:\/\/le12.ma\/fr\/cinq-jours-de-festivites-au-jazz-a-chellah\/","title":{"rendered":"cinq jours de festivit\u00e9s au Jazz a Chellah-Rabat"},"content":{"rendered":"<h2>le Jazz au Chellah devient progressivement l\u2019un des rendez-vous majeurs de l\u2019Union europ\u00e9enne \u00e0 <a href=\"https:\/\/le12.ma\/fr\/coup-denvoi-a-rabat-dun-symposium-national-sur-lavenir-du-rugby-au-maroc\/\">Rabat<\/a>. Il se distingue par les rencontres qu\u2019il propose entre artistes europ\u00e9ens et musiciens marocains.<\/h2>\n<p><strong> Du 29 septembre au 2 octobre, cette 25e \u00e9dition aura encore une fois pour objectif la promotion du dialogue interculturel \u00e0 travers la musique.<\/strong><br \/>\n<strong>\u00ab Nous sommes tr\u00e8s heureux d\u2019annoncer le retour du festival <a href=\"https:\/\/fr.wikipedia.org\/wiki\/Jazz\">Jazz<\/a> au Chellah que nous avons d\u00fb reporter \u00e0 deux reprises en raison de la crise sanitaire. Il a fallu faire preuve de r\u00e9silience et de cr\u00e9ativit\u00e9 pour relancer cette \u00e9dition qui marque un anniversaire tr\u00e8s sp\u00e9cial. Nous avons h\u00e2te de retrouver le public pour ces cinq jours de festivit\u00e9s qui s\u2019annoncent exceptionnels \u00bb, s\u2019enthousiasme Patricia Cussac, ambassadrice de l\u2019Union europ\u00e9enne au Maroc.<\/strong><\/p>\n<p><strong>Chaque ann\u00e9e depuis 1996, des musiciens de jazz europ\u00e9ens se d\u00e9placent \u00e0 Rabat \u00e0 la rencontre de musiciens marocains de toutes origines et couleurs musicales et offrent ainsi des moments uniques, fruits d\u2019ateliers de cr\u00e9ation entre europ\u00e9ens et marocains. Ces concerts in\u00e9dits ne se limitent parfois pas au cadre du festival mais donnent souvent naissance \u00e0 des projets musicaux et \u00e0 de nouvelles collaborations entre les artistes.<\/strong><\/p>\n","protected":false},"excerpt":{"rendered":"<p>le Jazz au Chellah devient progressivement l\u2019un des rendez-vous majeurs de l\u2019Union europ\u00e9enne \u00e0 Rabat. Il se distingue par les rencontres qu\u2019il propose entre artistes europ\u00e9ens et musiciens marocains. Du 29 septembre au 2 octobre, cette 25e \u00e9dition aura encore une fois pour objectif la promotion du dialogue interculturel \u00e0 travers la musique. \u00ab Nous [&hellip;]<\/p>\n","protected":false},"author":2,"featured_media":26613,"comment_status":"open","ping_status":"open","sticky":false,"template":"","format":"standard","meta":[],"categories":[9442,31,54,24],"tags":[7009,9876,9875,5112],"yst_prominent_words":[257,3832,457,605,225,151,299],"jetpack_featured_media_url":"https:\/\/le12.ma\/fr\/wp-content\/uploads\/2022\/06\/jazz-rabat-scaled.jpg","_links":{"self":[{"href":"https:\/\/le12.ma\/fr\/wp-json\/wp\/v2\/posts\/26612"}],"collection":[{"href":"https:\/\/le12.ma\/fr\/wp-json\/wp\/v2\/posts"}],"about":[{"href":"https:\/\/le12.ma\/fr\/wp-json\/wp\/v2\/types\/post"}],"author":[{"embeddable":true,"href":"https:\/\/le12.ma\/fr\/wp-json\/wp\/v2\/users\/2"}],"replies":[{"embeddable":true,"href":"https:\/\/le12.ma\/fr\/wp-json\/wp\/v2\/comments?post=26612"}],"version-history":[{"count":2,"href":"https:\/\/le12.ma\/fr\/wp-json\/wp\/v2\/posts\/26612\/revisions"}],"predecessor-version":[{"id":26615,"href":"https:\/\/le12.ma\/fr\/wp-json\/wp\/v2\/posts\/26612\/revisions\/26615"}],"wp:featuredmedia":[{"embeddable":true,"href":"https:\/\/le12.ma\/fr\/wp-json\/wp\/v2\/media\/26613"}],"wp:attachment":[{"href":"https:\/\/le12.ma\/fr\/wp-json\/wp\/v2\/media?parent=26612"}],"wp:term":[{"taxonomy":"category","embeddable":true,"href":"https:\/\/le12.ma\/fr\/wp-json\/wp\/v2\/categories?post=26612"},{"taxonomy":"post_tag","embeddable":true,"href":"https:\/\/le12.ma\/fr\/wp-json\/wp\/v2\/tags?post=26612"},{"taxonomy":"yst_prominent_words","embeddable":true,"href":"https:\/\/le12.ma\/fr\/wp-json\/wp\/v2\/yst_prominent_words?post=26612"}],"curies":[{"name":"wp","href":"https:\/\/api.w.org\/{rel}","templated":true}]}}