{"id":26596,"date":"2022-06-18T15:31:26","date_gmt":"2022-06-18T14:31:26","guid":{"rendered":"https:\/\/le12.ma\/fr\/?p=26596"},"modified":"2022-06-18T15:33:28","modified_gmt":"2022-06-18T14:33:28","slug":"clap-douverture-pour-le-10e-festival-international-du-film-de-dakhla","status":"publish","type":"post","link":"https:\/\/le12.ma\/fr\/clap-douverture-pour-le-10e-festival-international-du-film-de-dakhla\/","title":{"rendered":"Clap d\u2019ouverture pour le 10\u00e8 Festival international du film de Dakhla"},"content":{"rendered":"<h4><span style=\"color: #000000;\"><strong>La 10\u00e8me \u00e9dition du Festival international du film de Dakhla s\u2019est ouverte, vendredi soir, en pr\u00e9sence d\u2019une pl\u00e9iade d\u2019artistes, de cin\u00e9astes et de personnalit\u00e9s du monde de l\u2019art, de la culture et des m\u00e9dias.<\/strong><\/span><\/h4>\n<p><strong>La c\u00e9r\u00e9monie d\u2019ouverture de cette 10\u00e8me \u00e9dition, organis\u00e9e jusqu\u2019au 20 juin, sous le Haut patronage de SM le <a href=\"https:\/\/le12.ma\/fr\/sm-le-roi-contracte-un-coronavirus-covid-19-de-forme-asymptomatique\/\">Roi Mohammed VI<\/a>, a \u00e9t\u00e9 marqu\u00e9e par un hommage rendu aux artistes et cin\u00e9astes marocains et africains.<\/strong><\/p>\n<p><strong>Le festival a rendu hommage \u00e0 la star marocaine Mouna Fettou qui a brill\u00e9 dans le cin\u00e9ma et la t\u00e9l\u00e9vision et au r\u00e9alisateur marocain Jer\u00f4me-Cohen Olivar qui est l\u2019auteur de deux grands long-m\u00e9trages \u00a0\u00bb Kandisha \u00ab\u00a0, qui a constitu\u00e9 l\u2019une des derni\u00e8res apparition de l\u2019ic\u00f4ne du cin\u00e9ma mondial David Carradine et \u00a0\u00bb L\u2019orchestres de minuit \u00a0\u00bb avec Gad Elmaleh et Hassan El Fad.<\/strong><\/p>\n<p><strong>Un hommage a \u00e9t\u00e9 \u00e9galement rendu \u00e0 la r\u00e9alisatrice et productrice rwandaise Jacqueline Murekeyisoni, qui est la directrice du Festival international du cin\u00e9ma des femmes et la directrice de la commission ex\u00e9cutive de l\u2019association \u00ab\u00a0Cin\u00e9ma des Femmes\u00a0\u00bb au Rwanda qui \u0153uvre pour la formation d\u2019une \u00e9lite de cin\u00e9astes-femmes rwandaises.<\/strong><\/p>\n<p><strong>Dans une allocution de circonstance, le pr\u00e9sident du festival, Zine El Abidine Charafeddine, a affirm\u00e9 que cette 10\u00e8me \u00e9dition constitue un tournant pour ce festival, qui s\u2019est ouvert sur diverses exp\u00e9riences cin\u00e9matographiques, en mettant en exergue le cin\u00e9ma africain que le festival c\u00e9l\u00e8bre \u00e0 travers la comp\u00e9tition officielle.<\/strong><\/p>\n<p><strong>Charafeddine a, dans ce sens, soulign\u00e9 que la dimension africaine de ce festival est dict\u00e9e par la g\u00e9ographie, la culture et les liens sociaux, reliant Dakhla \u00e0 son ancrage africain.<\/strong><\/p>\n<p><strong>Le festival s\u2019assigne pour objectifs de d\u00e9velopper la dynamique cin\u00e9matographique \u00e0 Dakhla et dans les provinces du Sud, a-t-il poursuivi, notant que \u00a0\u00bb aujourd\u2019hui, nous sommes fier d\u2019une g\u00e9n\u00e9ration de cin\u00e9ma, comprenant des r\u00e9alisateurs, des acteurs, des sc\u00e9naristes et des producteurs dans les provinces du Sud \u00ab\u00a0.<\/strong><\/p>\n<p><strong>Ce festival, qui vise \u00e0 rapprocher le cin\u00e9ma des habitants de la ville de Dakhla, connaitra cette ann\u00e9e la projection d\u2019une s\u00e9rie de films marocains, arabes, et africains, ainsi qu\u2019une programmation parall\u00e8le d\u00e9di\u00e9e au film documentaire, a pr\u00e9cis\u00e9 M. Charafeddine.<\/strong><\/p>\n<p><strong>Pour sa part, l\u2019actrice Mouna Fettou s\u2019est dite fi\u00e8re pour cette initiative et sa pr\u00e9sence \u00e0 Dakhla, en se f\u00e9licitant de la sinc\u00e9rit\u00e9 et la spontan\u00e9it\u00e9 du public de Dakhla et par l\u2019accueil chaleureux re\u00e7u dans cette charmante ville, ce qui lui donne encore plus d\u2019\u00e9nergie pour poursuivre dans sa carri\u00e8re artistique.<\/strong><\/p>\n<p><strong>Le sc\u00e9nariste et r\u00e9alisateur J\u00e9r\u00f4me Cohen-Olivar a exprim\u00e9 quant \u00e0 lui sa fiert\u00e9 d\u2019\u00eatre parmi les personnes honor\u00e9es, soulignant que cet hommage est \u00a0\u00bb un nouveau d\u00e9part pour sa carri\u00e8re professionnelle \u00a0\u00bb et ne pourra que l\u2019inciter \u00e0 pers\u00e9v\u00e9rer davantage dans ce domaine.<\/strong><\/p>\n<p><strong>Initi\u00e9e par l\u2019association pour l\u2019animation culturelle et artistique dans les provinces du Sud, cette grand-messe cin\u00e9matographique c\u00e9l\u00e8bre le cin\u00e9ma africain \u00e0 travers la pr\u00e9sence de cin\u00e9astes issus de treize pays africain, \u00e0 savoir le S\u00e9n\u00e9gal, C\u00f4te d\u2019Ivoire, Nigeria, Ghana, Egypte, Cameroun, Burkina Fasso, Tunisie, Rwanda, Tchad et le Benin en plus du Maroc, ont soulign\u00e9 les organisateurs.<\/strong><\/p>\n<p><strong>De son c\u00f4t\u00e9, le pr\u00e9sident du jury, Moussa Tour\u00e9 a salu\u00e9 l\u2019excellence de la s\u00e9lection des films africains en lice qui refl\u00e8te la diversit\u00e9 de l\u2019Afrique.<\/strong><\/p>\n<p><strong>Tour\u00e9 qui est \u00e9galement producteur, acteur et cin\u00e9aste s\u00e9n\u00e9galais a soulign\u00e9 que les films s\u00e9lectionn\u00e9s mettent en avant les traditions et cultures riches et vari\u00e9es du continent africain.<\/strong><\/p>\n<p><strong>Le chercheur universitaire dans les sciences litt\u00e9raires, humaines et sociales, Magu\u00e9ye Kass\u00e9, qui a \u00e9t\u00e9 d\u00e9sign\u00e9 comme un ambassadeur du festival international du film de Dakhla, a soulign\u00e9 que \u00a0\u00bb le 7\u00e9me art de par sa richesse constitue une passerelle vers la connaissance des soci\u00e9t\u00e9s et de leurs histoires \u00ab\u00a0.<\/strong><\/p>\n<p><strong>\u00ab\u00a0Ce festival accueille l\u2019Afrique dans sa diversit\u00e9\u00a0\u00bb, s\u2019est f\u00e9licit\u00e9 M. Kass\u00e9, notant que le cin\u00e9ma contribue \u00e0 consolider davantage les relations entre les diff\u00e9rents pays africains.<\/strong><\/p>\n<p><strong>Sept longs m\u00e9trages sont en lice pour les prix du festival, \u00e0 savoir le Prix sp\u00e9cial du jury, le Prix de la r\u00e9alisation et le Grand Prix.<\/strong><\/p>\n<p><strong>Il s\u2019agit du film \u00a0\u00bb La nuit des rois\u00a0\u00bb du r\u00e9alisateur Philippe Lacote de la C\u00f4te d\u2019Ivoire, le film nig\u00e9rian \u00ab\u00a0Juju stories\u00a0\u00bb, cosign\u00e9 par trois r\u00e9alisateurs, Abba Tadurikini Makama, Fiery Obasi et Michael Omonua, le film \u00ab Amansa Tiafi\u00a0\u00bb du r\u00e9alisateur ghan\u00e9en, Kofi Ofosu-Yeboah, \u00ab\u00a0Bendskins\u00a0\u00bb de la r\u00e9alisatrice camerounaise, Narcisse Wandji, \u00ab\u00a0Annatto\u00a0\u00bb de la r\u00e9alisatrice et sc\u00e9nariste marocaine Fatima Ali Boubekdi, \u00ab\u00a0Breakable\u00a0\u00bb du r\u00e9alisateur \u00e9gyptien, Ahmed Rashwan et le film \u00ab\u00a0la Travers\u00e9e\u00a0\u00bb de la r\u00e9alisatrice burkinab\u00e8, Ir\u00e8ne Tassemb\u00e9do.<\/strong><\/p>\n<p><strong>Pr\u00e9sid\u00e9 par le producteur, acteur et cin\u00e9aste s\u00e9n\u00e9galais, Moussa Tour\u00e9, le jury de ce rendez-vous cin\u00e9matographique est compos\u00e9 de professionnels du 7\u00e9me art tels que l\u2019actrice marocaine, Farah El Fassi, le r\u00e9alisateur congolais, Fila David Pierre et le r\u00e9alisateur Tunisien, Sami Talili.<\/strong><\/p>\n<p><strong>L\u2019ouverture du festival a \u00e9t\u00e9 marqu\u00e9e par le film tunisien \u00ab\u00a0Halal Cin\u00e9ma\u00a0\u00bb du r\u00e9alisateur Amine Boukhriss, qui va aussi animer une rencontre ax\u00e9e sur le film documentaire.<\/strong><\/p>\n<p><strong>Une conf\u00e9rence autour du th\u00e8me \u00a0\u00bb le cin\u00e9ma marocain : entre les questions du public et les m\u00e9canismes du soutien \u00a0\u00bb sera organis\u00e9 dans le cadre de ce festival, avec la participation du critique de cin\u00e9ma Hassan Narrais, le r\u00e9alisateur Abdelilah El Jaouhari, la sc\u00e9nariste Bouchra Malak, l\u2019acteur Abdelkabir Regana, et la productrice Rachida Saadi.<\/strong><\/p>\n<p><strong>Au programme figure \u00e9galement la projection des films documentaires sur la culture, l\u2019histoire et l\u2019espace sahraoui hassani, r\u00e9alis\u00e9s par des cin\u00e9astes issus des provinces du Sud.<\/strong><\/p>\n<p><strong>En outre, le public aura rendez-vous \u00e9galement avec la r\u00e9alisatrice Asma\u00e2 Elmoudir pour l\u2019avant-premi\u00e8re de son film documentaire \u00ab\u00a0Massira\u00a0\u00bb. Dans la section des projections grand public, les habitants de Dakhla pourront suivre le film marocain \u00ab\u00a030 millions\u00a0\u00bb du r\u00e9alisateur Rabie Sajid.<\/strong><\/p>\n<p><strong>A cette occasion, une rencontre sera tenue avec l\u2019\u00e9crivaine et chercheuse en sociologie et anthropologie Rita El Khayat, autour du th\u00e8me \u00ab\u00a0le cin\u00e9ma et la culture\u00a0\u00bb.<\/strong><\/p>\n<p><strong>Le public et les professionnels du cin\u00e9ma auront rendez-vous aussi avec la styliste et productrice Dana Shondelmayer dans le cadre d\u2019un master-class sur \u00ab\u00a0la cr\u00e9ation et la conception des costumes dans le cin\u00e9ma \u00ab\u00a0.<\/strong><\/p>\n<p><strong>La 10\u00e8me \u00e9dition du festival international du film de Dakhla conna\u00eetra l\u2019organisation d\u2019un atelier de formation au profit des adh\u00e9rents aux cin\u00e9-clubs des provinces du Sud, avant l\u2019ouverture et tout au long des journ\u00e9es du festival.<\/strong><\/p>\n<p><strong>Il s\u2019agit des ateliers de formation sur \u00a0\u00bb l\u2019\u00e9criture d\u2019un film documentaire \u00a0\u00bb et \u00a0\u00bb la production d\u2019un court m\u00e9trage \u00ab\u00a0, d\u2019autant plus que la direction du festival en partenariat avec London ArtHouse Film Festival, entreprendra la production d\u2019un court m\u00e9trage pour l\u2019un des b\u00e9n\u00e9ficiaires de ces sessions de formations.<\/strong><\/p>\n<p><strong>Cette 10\u00e8me \u00e9dition du Festival international du film de Dakhla, a \u00e9t\u00e9 rehauss\u00e9e par la pr\u00e9sence du wali de la r\u00e9gion de Dakhla-Oued Eddahab, gouverneur de la province d\u2019Oued-Eddahab, Lamine Benomar, des \u00e9lus, des consuls africains accr\u00e9dit\u00e9s \u00e0 Dakhla et de personnalit\u00e9s du monde de l\u2019art et de la culture.<\/strong><\/p>\n","protected":false},"excerpt":{"rendered":"<p>La 10\u00e8me \u00e9dition du Festival international du film de Dakhla s\u2019est ouverte, vendredi soir, en pr\u00e9sence d\u2019une pl\u00e9iade d\u2019artistes, de cin\u00e9astes et de personnalit\u00e9s du monde de l\u2019art, de la culture et des m\u00e9dias. La c\u00e9r\u00e9monie d\u2019ouverture de cette 10\u00e8me \u00e9dition, organis\u00e9e jusqu\u2019au 20 juin, sous le Haut patronage de SM le Roi Mohammed VI, [&hellip;]<\/p>\n","protected":false},"author":2,"featured_media":26598,"comment_status":"open","ping_status":"open","sticky":false,"template":"","format":"standard","meta":[],"categories":[31],"tags":[9874,578,9873],"yst_prominent_words":[1000,457,90],"jetpack_featured_media_url":"https:\/\/le12.ma\/fr\/wp-content\/uploads\/2022\/06\/WhatsApp-Image-2022-06-18-at-14.28.05.jpeg","_links":{"self":[{"href":"https:\/\/le12.ma\/fr\/wp-json\/wp\/v2\/posts\/26596"}],"collection":[{"href":"https:\/\/le12.ma\/fr\/wp-json\/wp\/v2\/posts"}],"about":[{"href":"https:\/\/le12.ma\/fr\/wp-json\/wp\/v2\/types\/post"}],"author":[{"embeddable":true,"href":"https:\/\/le12.ma\/fr\/wp-json\/wp\/v2\/users\/2"}],"replies":[{"embeddable":true,"href":"https:\/\/le12.ma\/fr\/wp-json\/wp\/v2\/comments?post=26596"}],"version-history":[{"count":4,"href":"https:\/\/le12.ma\/fr\/wp-json\/wp\/v2\/posts\/26596\/revisions"}],"predecessor-version":[{"id":26601,"href":"https:\/\/le12.ma\/fr\/wp-json\/wp\/v2\/posts\/26596\/revisions\/26601"}],"wp:featuredmedia":[{"embeddable":true,"href":"https:\/\/le12.ma\/fr\/wp-json\/wp\/v2\/media\/26598"}],"wp:attachment":[{"href":"https:\/\/le12.ma\/fr\/wp-json\/wp\/v2\/media?parent=26596"}],"wp:term":[{"taxonomy":"category","embeddable":true,"href":"https:\/\/le12.ma\/fr\/wp-json\/wp\/v2\/categories?post=26596"},{"taxonomy":"post_tag","embeddable":true,"href":"https:\/\/le12.ma\/fr\/wp-json\/wp\/v2\/tags?post=26596"},{"taxonomy":"yst_prominent_words","embeddable":true,"href":"https:\/\/le12.ma\/fr\/wp-json\/wp\/v2\/yst_prominent_words?post=26596"}],"curies":[{"name":"wp","href":"https:\/\/api.w.org\/{rel}","templated":true}]}}