{"id":26523,"date":"2022-06-17T10:50:13","date_gmt":"2022-06-17T09:50:13","guid":{"rendered":"https:\/\/le12.ma\/fr\/?p=26523"},"modified":"2022-06-17T10:50:13","modified_gmt":"2022-06-17T09:50:13","slug":"premiere-edition-de-la-nuit-des-musees-et-des-espaces-culturels-acces-gratuit-le-22-juin-a-40-musees-dans-9-villes","status":"publish","type":"post","link":"https:\/\/le12.ma\/fr\/premiere-edition-de-la-nuit-des-musees-et-des-espaces-culturels-acces-gratuit-le-22-juin-a-40-musees-dans-9-villes\/","title":{"rendered":"Premi\u00e8re \u00e9dition de la nuit des mus\u00e9es et des espaces culturels\u00a0: Acc\u00e8s gratuit, le 22 juin, \u00e0 40 mus\u00e9es dans 9 villes"},"content":{"rendered":"<h4><span style=\"color: #000000;\"><strong>La premi\u00e8re \u00e9dition de la nuit des mus\u00e9es et des espaces culturels, organis\u00e9e sous le Haut patronage de SM le Roi, se d\u00e9roulera mercredi 22 juin dans neuf villes du Royaume, indique un communiqu\u00e9 de la Fondation nationale des mus\u00e9es (FNM).<\/strong><\/span><\/h4>\n<p><strong>A l\u2019occasion de cette premi\u00e8re \u00e9dition initi\u00e9e par la FNM, la Fondation Jardin Majorelle et le minist\u00e8re de la Jeunesse, de la Culture et de la Communication, une quarantaine de mus\u00e9es et d\u2019espaces culturels des villes d\u2019Oujda, T\u00e9touan, Tanger, F\u00e8s, Mekn\u00e8s, Rabat, Casablanca, Safi et Marrakech ouvriront leurs portes \u00e0 titre gracieux au public et ce, de 18H \u00e0 minuit, pr\u00e9cise la Fondation.<\/strong><\/p>\n<p><strong>Ces villes, ajoute la m\u00eame source, offriront une multitude de programmes d\u2019expositions d\u2019art moderne, contemporain et ethnographique pour permettre \u00e0 tous les publics d\u2019investir les mus\u00e9es.<\/strong><\/p>\n<p><strong>La nuit des mus\u00e9es et des espaces culturels se veut un \u00e9v\u00e9nement annuel qui c\u00e9l\u00e8bre culturellement l\u2019arriv\u00e9e de l\u2019\u00e9t\u00e9 et qui refl\u00e8te le dynamisme culturel du Maroc, souligne le communiqu\u00e9, ajoutant que le programme de cette manifestation mus\u00e9ale in\u00e9dite est disponible sur le site Web de la Fondation (\u201cwww.fnm.ma\u201d).<\/strong><\/p>\n","protected":false},"excerpt":{"rendered":"<p>La premi\u00e8re \u00e9dition de la nuit des mus\u00e9es et des espaces culturels, organis\u00e9e sous le Haut patronage de SM le Roi, se d\u00e9roulera mercredi 22 juin dans neuf villes du Royaume, indique un communiqu\u00e9 de la Fondation nationale des mus\u00e9es (FNM). A l\u2019occasion de cette premi\u00e8re \u00e9dition initi\u00e9e par la FNM, la Fondation Jardin Majorelle [&hellip;]<\/p>\n","protected":false},"author":2,"featured_media":26524,"comment_status":"open","ping_status":"open","sticky":false,"template":"","format":"standard","meta":[],"categories":[31],"tags":[9425,592,9045,621],"yst_prominent_words":[145,257,1468,841,818,342],"jetpack_featured_media_url":"https:\/\/le12.ma\/fr\/wp-content\/uploads\/2022\/06\/288366776_127961246581682_1141464089046230178_n.jpg","_links":{"self":[{"href":"https:\/\/le12.ma\/fr\/wp-json\/wp\/v2\/posts\/26523"}],"collection":[{"href":"https:\/\/le12.ma\/fr\/wp-json\/wp\/v2\/posts"}],"about":[{"href":"https:\/\/le12.ma\/fr\/wp-json\/wp\/v2\/types\/post"}],"author":[{"embeddable":true,"href":"https:\/\/le12.ma\/fr\/wp-json\/wp\/v2\/users\/2"}],"replies":[{"embeddable":true,"href":"https:\/\/le12.ma\/fr\/wp-json\/wp\/v2\/comments?post=26523"}],"version-history":[{"count":1,"href":"https:\/\/le12.ma\/fr\/wp-json\/wp\/v2\/posts\/26523\/revisions"}],"predecessor-version":[{"id":26525,"href":"https:\/\/le12.ma\/fr\/wp-json\/wp\/v2\/posts\/26523\/revisions\/26525"}],"wp:featuredmedia":[{"embeddable":true,"href":"https:\/\/le12.ma\/fr\/wp-json\/wp\/v2\/media\/26524"}],"wp:attachment":[{"href":"https:\/\/le12.ma\/fr\/wp-json\/wp\/v2\/media?parent=26523"}],"wp:term":[{"taxonomy":"category","embeddable":true,"href":"https:\/\/le12.ma\/fr\/wp-json\/wp\/v2\/categories?post=26523"},{"taxonomy":"post_tag","embeddable":true,"href":"https:\/\/le12.ma\/fr\/wp-json\/wp\/v2\/tags?post=26523"},{"taxonomy":"yst_prominent_words","embeddable":true,"href":"https:\/\/le12.ma\/fr\/wp-json\/wp\/v2\/yst_prominent_words?post=26523"}],"curies":[{"name":"wp","href":"https:\/\/api.w.org\/{rel}","templated":true}]}}