{"id":26439,"date":"2022-06-15T14:39:04","date_gmt":"2022-06-15T13:39:04","guid":{"rendered":"https:\/\/le12.ma\/fr\/?p=26439"},"modified":"2022-06-15T14:39:04","modified_gmt":"2022-06-15T13:39:04","slug":"coup-denvoi-a-rabat-dun-symposium-national-sur-lavenir-du-rugby-au-maroc","status":"publish","type":"post","link":"https:\/\/le12.ma\/fr\/coup-denvoi-a-rabat-dun-symposium-national-sur-lavenir-du-rugby-au-maroc\/","title":{"rendered":"Coup d\u2019envoi \u00e0 Rabat d\u2019un symposium national sur l\u2019avenir du rugby au Maroc"},"content":{"rendered":"<h4><span style=\"color: #000000;\"><strong>Le coup d\u2019envoi a \u00e9t\u00e9 donn\u00e9, mercredi \u00e0 Rabat, au symposium national sur l\u2019avenir du rugby au Maroc, organis\u00e9 \u00e0 l\u2019initiative de<a href=\"https:\/\/le12.ma\/fr\/jacques-rogge-ancien-president-du-comite-international-olympique-decede-a-79-ans\/\"> Rugby<\/a> Maroc think-tank (RMTT).<\/strong><\/span><\/h4>\n<p><strong>Ce conclave, qui vise \u00e0 trouver des solutions durables \u00e0 la crise que traverse le rugby au Maroc, servira de tribune pour d\u00e9battre des possibilit\u00e9s de d\u00e9veloppement de la balle ovale nationale, des modalit\u00e9s de son organisation et sa projection dans l\u2019avenir.<\/strong><\/p>\n<p><strong>Il aspire, selon les organisateurs, \u00e0 \u201crefuser les calculs \u00e9troits, l\u2019antagonisation des acteurs ou les pol\u00e9miques st\u00e9riles. Il s\u2019agit, en effet, de mettre le rugby et son avenir au centre des r\u00e9flexions\u201d.<\/strong><\/p>\n<p><strong>Les th\u00e9matiques \u00e0 aborder lors de ce symposium, marqu\u00e9 par la participation d\u2019un parterre d\u2019anciens joueurs, dirigeants et amoureux du rugby, sont li\u00e9es aux perspectives du rugby \u00e0 XV, le rugby f\u00e9minin, le rugby \u00e0 VII, le rugby scolaire, le rugby universitaire et le cadre juridique pour la pratique de ce sport.<\/strong><\/p>\n<p><strong>Il s\u2019agit de d\u00e9gager des axes d\u2019avenir par la r\u00e9flexion, la force de proposition et la cr\u00e9ation d\u2019une dynamique de changement et de r\u00e9formes. L\u2019objectif \u00e9tant l\u2019\u00e9closion d\u2019un groupe de r\u00e9flexion l\u00e9gitime, inclusif et ouvert sur toutes les r\u00e9gions.<\/strong><\/p>\n","protected":false},"excerpt":{"rendered":"<p>Le coup d\u2019envoi a \u00e9t\u00e9 donn\u00e9, mercredi \u00e0 Rabat, au symposium national sur l\u2019avenir du rugby au Maroc, organis\u00e9 \u00e0 l\u2019initiative de Rugby Maroc think-tank (RMTT). Ce conclave, qui vise \u00e0 trouver des solutions durables \u00e0 la crise que traverse le rugby au Maroc, servira de tribune pour d\u00e9battre des possibilit\u00e9s de d\u00e9veloppement de la [&hellip;]<\/p>\n","protected":false},"author":2,"featured_media":26440,"comment_status":"open","ping_status":"open","sticky":false,"template":"","format":"standard","meta":[],"categories":[27],"tags":[9811,9813,9812],"yst_prominent_words":[3070,69,1120],"jetpack_featured_media_url":"https:\/\/le12.ma\/fr\/wp-content\/uploads\/2022\/06\/Capture-5.png","_links":{"self":[{"href":"https:\/\/le12.ma\/fr\/wp-json\/wp\/v2\/posts\/26439"}],"collection":[{"href":"https:\/\/le12.ma\/fr\/wp-json\/wp\/v2\/posts"}],"about":[{"href":"https:\/\/le12.ma\/fr\/wp-json\/wp\/v2\/types\/post"}],"author":[{"embeddable":true,"href":"https:\/\/le12.ma\/fr\/wp-json\/wp\/v2\/users\/2"}],"replies":[{"embeddable":true,"href":"https:\/\/le12.ma\/fr\/wp-json\/wp\/v2\/comments?post=26439"}],"version-history":[{"count":1,"href":"https:\/\/le12.ma\/fr\/wp-json\/wp\/v2\/posts\/26439\/revisions"}],"predecessor-version":[{"id":26441,"href":"https:\/\/le12.ma\/fr\/wp-json\/wp\/v2\/posts\/26439\/revisions\/26441"}],"wp:featuredmedia":[{"embeddable":true,"href":"https:\/\/le12.ma\/fr\/wp-json\/wp\/v2\/media\/26440"}],"wp:attachment":[{"href":"https:\/\/le12.ma\/fr\/wp-json\/wp\/v2\/media?parent=26439"}],"wp:term":[{"taxonomy":"category","embeddable":true,"href":"https:\/\/le12.ma\/fr\/wp-json\/wp\/v2\/categories?post=26439"},{"taxonomy":"post_tag","embeddable":true,"href":"https:\/\/le12.ma\/fr\/wp-json\/wp\/v2\/tags?post=26439"},{"taxonomy":"yst_prominent_words","embeddable":true,"href":"https:\/\/le12.ma\/fr\/wp-json\/wp\/v2\/yst_prominent_words?post=26439"}],"curies":[{"name":"wp","href":"https:\/\/api.w.org\/{rel}","templated":true}]}}