{"id":26358,"date":"2022-06-14T13:24:25","date_gmt":"2022-06-14T12:24:25","guid":{"rendered":"https:\/\/le12.ma\/fr\/?p=26358"},"modified":"2022-06-14T13:24:25","modified_gmt":"2022-06-14T12:24:25","slug":"coup-denvoi-de-la-18eme-edition-du-ficm-dagadir","status":"publish","type":"post","link":"https:\/\/le12.ma\/fr\/coup-denvoi-de-la-18eme-edition-du-ficm-dagadir\/","title":{"rendered":"Coup d\u2019envoi de la 18\u00e8me \u00e9dition du FICM d\u2019Agadir"},"content":{"rendered":"<h4><span style=\"color: #000000;\"><strong>La 18\u00e8me \u00e9dition du Festival international Cin\u00e9ma et Migrations (<a href=\"https:\/\/www.ficm-aisbl.eu\/\">FICM<\/a>) s\u2019est ouverte lundi \u00e0 Agadir, dans une ambiance marqu\u00e9e par l\u2019effervescence festive.<\/strong><\/span><\/h4>\n<p><strong>La c\u00e9r\u00e9monie de lancement de cette manifestation portant le flambeau de la culture \u00e0 Agadir s\u2019est d\u00e9roul\u00e9 \u00e0 la prestigieuse salle de Cin\u00e9ma Rialto, en pr\u00e9sence d\u2019une pl\u00e9iade de responsables locaux et de c\u00e9l\u00e8bres acteurs et actrices nationaux et internationaux.<\/strong><\/p>\n","protected":false},"excerpt":{"rendered":"<p>La 18\u00e8me \u00e9dition du Festival international Cin\u00e9ma et Migrations (FICM) s\u2019est ouverte lundi \u00e0 Agadir, dans une ambiance marqu\u00e9e par l\u2019effervescence festive. La c\u00e9r\u00e9monie de lancement de cette manifestation portant le flambeau de la culture \u00e0 Agadir s\u2019est d\u00e9roul\u00e9 \u00e0 la prestigieuse salle de Cin\u00e9ma Rialto, en pr\u00e9sence d\u2019une pl\u00e9iade de responsables locaux et de [&hellip;]<\/p>\n","protected":false},"author":2,"featured_media":26359,"comment_status":"open","ping_status":"open","sticky":false,"template":"","format":"standard","meta":[],"categories":[31],"tags":[6589,9793,9792],"yst_prominent_words":[1931,1000,928],"jetpack_featured_media_url":"https:\/\/le12.ma\/fr\/wp-content\/uploads\/2022\/06\/telechargement-2-1.jpg","_links":{"self":[{"href":"https:\/\/le12.ma\/fr\/wp-json\/wp\/v2\/posts\/26358"}],"collection":[{"href":"https:\/\/le12.ma\/fr\/wp-json\/wp\/v2\/posts"}],"about":[{"href":"https:\/\/le12.ma\/fr\/wp-json\/wp\/v2\/types\/post"}],"author":[{"embeddable":true,"href":"https:\/\/le12.ma\/fr\/wp-json\/wp\/v2\/users\/2"}],"replies":[{"embeddable":true,"href":"https:\/\/le12.ma\/fr\/wp-json\/wp\/v2\/comments?post=26358"}],"version-history":[{"count":1,"href":"https:\/\/le12.ma\/fr\/wp-json\/wp\/v2\/posts\/26358\/revisions"}],"predecessor-version":[{"id":26360,"href":"https:\/\/le12.ma\/fr\/wp-json\/wp\/v2\/posts\/26358\/revisions\/26360"}],"wp:featuredmedia":[{"embeddable":true,"href":"https:\/\/le12.ma\/fr\/wp-json\/wp\/v2\/media\/26359"}],"wp:attachment":[{"href":"https:\/\/le12.ma\/fr\/wp-json\/wp\/v2\/media?parent=26358"}],"wp:term":[{"taxonomy":"category","embeddable":true,"href":"https:\/\/le12.ma\/fr\/wp-json\/wp\/v2\/categories?post=26358"},{"taxonomy":"post_tag","embeddable":true,"href":"https:\/\/le12.ma\/fr\/wp-json\/wp\/v2\/tags?post=26358"},{"taxonomy":"yst_prominent_words","embeddable":true,"href":"https:\/\/le12.ma\/fr\/wp-json\/wp\/v2\/yst_prominent_words?post=26358"}],"curies":[{"name":"wp","href":"https:\/\/api.w.org\/{rel}","templated":true}]}}