{"id":26352,"date":"2022-06-14T12:41:03","date_gmt":"2022-06-14T11:41:03","guid":{"rendered":"https:\/\/le12.ma\/fr\/?p=26352"},"modified":"2022-06-14T12:44:33","modified_gmt":"2022-06-14T11:44:33","slug":"tenue-a-rabat-de-la-2e-edition-de-la-conference-du-judaisme-africain","status":"publish","type":"post","link":"https:\/\/le12.ma\/fr\/tenue-a-rabat-de-la-2e-edition-de-la-conference-du-judaisme-africain\/","title":{"rendered":"Tenue \u00e0 Rabat de la 2\u00e8 \u00e9dition de la conf\u00e9rence du Juda\u00efsme Africain"},"content":{"rendered":"<h4><span style=\"color: #000000;\"><strong>La deuxi\u00e8me \u00e9dition de la conf\u00e9rence du Juda\u00efsme Africain s\u2019est tenue, lundi au si\u00e8ge du Policy center for the new South \u00e0 <a href=\"https:\/\/le12.ma\/fr\/tenue-a-rabat-de-la-2e-edition-de-la-conference-du-judaisme-africain\/\">Rabat<\/a>, en pr\u00e9sence d\u2019une brochette de diplomates et de personnalit\u00e9s politiques et religieuses qui \u0153uvrent en faveur de la pr\u00e9servation et la promotion du patrimoine culturel et religieux jud\u00e9o-<a href=\"https:\/\/le12.ma\/fr\/tenue-a-rabat-de-la-2e-edition-de-la-conference-du-judaisme-africain\/\">africain<\/a>.<\/strong><\/span><\/h4>\n<p><strong>Initi\u00e9 par l\u2019association Mimouna en partenariat avec l\u2019Office ch\u00e9rifien des phosphates (OCP) et l\u2019Agence des \u00c9tats-Unis pour le d\u00e9veloppement international (USAID), ce forum vise \u00e0 valoriser la culture juive africaine tout en cr\u00e9ant des opportunit\u00e9s de rencontres et d\u2019\u00e9changes entre les communaut\u00e9s juives du Continent.<\/strong><\/p>\n","protected":false},"excerpt":{"rendered":"<p>La deuxi\u00e8me \u00e9dition de la conf\u00e9rence du Juda\u00efsme Africain s\u2019est tenue, lundi au si\u00e8ge du Policy center for the new South \u00e0 Rabat, en pr\u00e9sence d\u2019une brochette de diplomates et de personnalit\u00e9s politiques et religieuses qui \u0153uvrent en faveur de la pr\u00e9servation et la promotion du patrimoine culturel et religieux jud\u00e9o-africain. Initi\u00e9 par l\u2019association Mimouna [&hellip;]<\/p>\n","protected":false},"author":2,"featured_media":26353,"comment_status":"open","ping_status":"open","sticky":false,"template":"","format":"standard","meta":[],"categories":[31],"tags":[9791,6951,8403],"yst_prominent_words":[],"jetpack_featured_media_url":"https:\/\/le12.ma\/fr\/wp-content\/uploads\/2022\/06\/Capture-bb.png","_links":{"self":[{"href":"https:\/\/le12.ma\/fr\/wp-json\/wp\/v2\/posts\/26352"}],"collection":[{"href":"https:\/\/le12.ma\/fr\/wp-json\/wp\/v2\/posts"}],"about":[{"href":"https:\/\/le12.ma\/fr\/wp-json\/wp\/v2\/types\/post"}],"author":[{"embeddable":true,"href":"https:\/\/le12.ma\/fr\/wp-json\/wp\/v2\/users\/2"}],"replies":[{"embeddable":true,"href":"https:\/\/le12.ma\/fr\/wp-json\/wp\/v2\/comments?post=26352"}],"version-history":[{"count":3,"href":"https:\/\/le12.ma\/fr\/wp-json\/wp\/v2\/posts\/26352\/revisions"}],"predecessor-version":[{"id":26356,"href":"https:\/\/le12.ma\/fr\/wp-json\/wp\/v2\/posts\/26352\/revisions\/26356"}],"wp:featuredmedia":[{"embeddable":true,"href":"https:\/\/le12.ma\/fr\/wp-json\/wp\/v2\/media\/26353"}],"wp:attachment":[{"href":"https:\/\/le12.ma\/fr\/wp-json\/wp\/v2\/media?parent=26352"}],"wp:term":[{"taxonomy":"category","embeddable":true,"href":"https:\/\/le12.ma\/fr\/wp-json\/wp\/v2\/categories?post=26352"},{"taxonomy":"post_tag","embeddable":true,"href":"https:\/\/le12.ma\/fr\/wp-json\/wp\/v2\/tags?post=26352"},{"taxonomy":"yst_prominent_words","embeddable":true,"href":"https:\/\/le12.ma\/fr\/wp-json\/wp\/v2\/yst_prominent_words?post=26352"}],"curies":[{"name":"wp","href":"https:\/\/api.w.org\/{rel}","templated":true}]}}