{"id":26168,"date":"2022-06-11T11:53:23","date_gmt":"2022-06-11T10:53:23","guid":{"rendered":"https:\/\/le12.ma\/fr\/?p=26168"},"modified":"2022-06-11T11:53:23","modified_gmt":"2022-06-11T10:53:23","slug":"une-initiative-qui-jette-des-ponts-de-comprehension-entre-les-civilisations","status":"publish","type":"post","link":"https:\/\/le12.ma\/fr\/une-initiative-qui-jette-des-ponts-de-comprehension-entre-les-civilisations\/","title":{"rendered":"\u201cDialogue de Tanger\u201d, une initiative qui jette des ponts de compr\u00e9hension entre les civilisations"},"content":{"rendered":"<h4><span style=\"color: #000000;\"><strong>Le \u201cDialogue de <a href=\"https:\/\/fr.wikipedia.org\/wiki\/Tanger\">Tanger<\/a>\u201d, organis\u00e9 par le Projet Aladdin, en partenariat avec le minist\u00e8re des Affaires \u00e9trang\u00e8res, de la Coop\u00e9ration africaine et des Marocains r\u00e9sidant \u00e0 l\u2019\u00e9tranger et l\u2019Alliance des Civilisations des Nations Unies (UNAOC), a \u00e9t\u00e9 lanc\u00e9 vendredi \u00e0 Tanger, afin de jeter des ponts de compr\u00e9hension entre les cultures et les civilisations du monde.<\/strong><\/span><\/h4>\n<p><strong>Les participants au \u201cDialogue de Tanger\u201d, initi\u00e9 sous le signe \u201cVers une nouvelle lumi\u00e8re partag\u00e9e\u201d, ont soulign\u00e9 que cette initiative constitue un espace o\u00f9 les dirigeants de la plan\u00e8te s\u2019engagent dans un dialogue ouvert pour d\u00e9finir les param\u00e8tres d\u2019un avenir fond\u00e9 sur les valeurs d\u2019alliance, de solidarit\u00e9 humaine, de coexistence et de respect mutuel entre les civilisations et les peuples.<\/strong><\/p>\n<p><strong>Dans cet esprit, le ministre des Affaires \u00e9trang\u00e8res, de la coop\u00e9ration africaine et des Marocains r\u00e9sidant \u00e0 l\u2019\u00e9tranger, Nasser Bourita, a indiqu\u00e9 que les \u00e9changes, comme ceux qu\u2019abritera le \u201cDialogue de Tanger\u201d, sont essentiels, car le monde a toujours besoin de r\u00e9flexion libre, d\u00e9passionn\u00e9e \u201cout of the box\u201d and \u201cout of the block\u201d, d\u2019une approche d\u00e9complex\u00e9e des sujets complexes, ainsi que de tol\u00e9rance intellectuelle et de diversit\u00e9 de perspectives.<\/strong><\/p>\n<p><strong><a href=\"https:\/\/le12.ma\/fr\/le-maroc-dispose-dune-vision-claire-sur-lavenir-du-continent-africain-m-bourita\/\">Bourita<\/a> a \u00e9galement relev\u00e9 que le Dialogue de Tanger peut marquer sa sp\u00e9cificit\u00e9 et faire la diff\u00e9rence, en transcendant le \u201cbrainstorming\u201d vers une prise en charge active des sujets discut\u00e9s, ainsi qu\u2019en p\u00e9rennisant et en \u00e9largissant la r\u00e9flexion, soulignant que ce rendez-vous international \u201cdoit rester cr\u00e9atif, jamais redondant; audacieux, jamais suiviste\u201d.<\/strong><\/p>\n<p><strong>De son c\u00f4t\u00e9, le Conseiller de Sa Majest\u00e9 le Roi, M. Andr\u00e9 Azoulay, a assur\u00e9 que \u201cle Maroc constitue un carrefour des civilisations et un mod\u00e8le de coexistence et de convergence de cultures et de religions\u201d.<\/strong><\/p>\n<p><strong>\u201cVous \u00eates r\u00e9unis aujourd\u2019hui \u00e0 Tanger, vu que le Maroc a su trouver la voie et parvenir \u00e0 ce consensus, qui est celui d\u2019une nation et d\u2019une soci\u00e9t\u00e9, en terre d\u2019islam dans le monde arabe, qui dit la modernit\u00e9\u201d, a not\u00e9 M. Azoulay.<\/strong><\/p>\n<p><strong>Dans un message vid\u00e9o diffus\u00e9 lors de cet \u00e9v\u00e8nement, le Secr\u00e9taire g\u00e9n\u00e9ral des Nations Unies, Antonio Guterres, a salu\u00e9 la ville de Tanger comme une terre de pluralisme culturel, civilisationnel et de savoir, et un lieu id\u00e9al pour discuter des relations et des probl\u00e8mes communs des peuples.<\/strong><\/p>\n<p><strong>Le monde fait face \u00e0 de nombreux d\u00e9fis et probl\u00e8mes qui n\u00e9cessitent une coop\u00e9ration et une solidarit\u00e9 internationales, ainsi qu\u2019un dialogue multilat\u00e9ral, \u00e9tant donn\u00e9 que \u201cles politiques fond\u00e9es sur la violence, la haine et l\u2019intol\u00e9rance ont des cons\u00e9quences d\u00e9sastreuses\u201d, a insist\u00e9 le SG de l\u2019ONU, ajoutant que le bien-\u00eatre ne peut \u00eatre r\u00e9alisable que par la diversit\u00e9 culturelle et religieuse.<\/strong><\/p>\n<p><strong>Pour sa part, le Haut Repr\u00e9sentant de l\u2019Alliance des Civilisations des Nations Unies, Miguel Angel Moratinos, a fait remarquer que l\u2019UNCOA accompagne le projet \u201cAladin\u201d et le minist\u00e8re marocain des Affaires \u00e9trang\u00e8res dans \u201cla nouvelle aventure\u201d du lancement du \u201cDialogue de Tanger\u201d, sachant que le dialogue est la base de l\u2019entente mondiale et de l\u2019action diplomatique.<\/strong><\/p>\n<ol>\n<li><strong> Moratinos a aussi indiqu\u00e9 que l\u2019Alliance des civilisations cherche \u00e0 contribuer \u00e0 l\u2019identification d\u2019une nouvelle architecture pour la paix, la s\u00e9curit\u00e9 et le respect dans le monde, ajoutant que l\u2019UNCOA peut servir de passerelle pour le dialogue et la compr\u00e9hension entre les cultures et les civilisations. \u201cLe monde que nous cherchons \u00e0 construire doit inclure des m\u00e9canismes de solidarit\u00e9 r\u00e9gionale fond\u00e9s sur de nobles valeurs humaines\u201d, a-t-il estim\u00e9.<\/strong><\/li>\n<\/ol>\n<p><strong>Quant \u00e0 Leah Pisar, pr\u00e9sidente du Projet \u201cAladdin\u201d, elle a salu\u00e9 les efforts de Sa Majest\u00e9 le Roi Mohammed VI dans la promotion du dialogue, du rapprochement et du respect mutuel entre les cultures, appelant \u00e0 combattre les racines et les manifestations de la haine et de la violence qui affectent le monde d\u2019aujourd\u2019hui.<\/strong><\/p>\n<p><strong>Elle a aussi plaid\u00e9 pour \u00e0 un dialogue ouvert, \u00e0 l\u2019\u00e9coute et au respect mutuel entre les diff\u00e9rentes parties et \u00e0 ouvrir une nouvelle voie vers un avenir radieux.<\/strong><\/p>\n<p><strong>A son tour, le Pr\u00e9sident de la Commission de l\u2019Union africaine, Moussa Faki Mahamat, a affirm\u00e9 que le monde n\u2019avait jamais \u00e9t\u00e9 confront\u00e9, depuis la Seconde guerre mondiale, \u00e0 un climat d\u2019appr\u00e9hension et aux multiples menaces comme il le conna\u00eet aujourd\u2019hui, en raison des guerres, de la pand\u00e9mie et de la croissance du terrorisme, mettant l\u2019accent sur la n\u00e9cessit\u00e9 de \u201cpartager les lumi\u00e8res de la justice, de l\u2019\u00e9galit\u00e9 et de la solidarit\u00e9\u201d pour sortir de cette situation.<\/strong><\/p>\n<p><strong>Il a not\u00e9 que l\u2019Afrique, malgr\u00e9 les quelques foyers de tension et le d\u00e9ficit de gouvernance \u00e9conomique et de d\u00e9mocratie dans certaines de ses r\u00e9gions, incarne l\u2019image d\u2019un acteur respect\u00e9 et incontournable de l\u2019\u00e9conomie mondiale dans la construction de ponts de rapprochement des civilisations et des cultures, tout en soulignant l\u2019imp\u00e9ratif de tisser des partenariats efficaces et cr\u00e9dibles qui laissent \u00e0 chaque pays la libert\u00e9 de choisir ses partenaires.<\/strong><\/p>\n<p><strong>Pour sa part, l\u2019ancien chef du gouvernement espagnol, Jos\u00e9 Luis Rodriguez Zapatero, a indiqu\u00e9 que le progr\u00e8s dans le monde \u201cne sera atteint que s\u2019il est global et universel, car nous sommes confront\u00e9s \u00e0 des d\u00e9fis et \u00e0 des crises qui impactent le monde entier\u201d, expliquant que la pand\u00e9mie de Covid-19 a enseign\u00e9 au monde deux choses, \u00e0 savoir la valeur des connaissances scientifiques et l\u2019importance de la coop\u00e9ration, qui est devenue \u201cune n\u00e9cessit\u00e9 incontournable\u201d.<\/strong><\/p>\n<p><strong>Tout en \u00e9voquant plusieurs indicateurs de changements g\u00e9ostrat\u00e9giques dans le monde, M. Zapatero a appel\u00e9 \u00e0 l\u2019imp\u00e9ratif d\u2019\u00e9laborer un nouveau pacte mondial bas\u00e9 sur l\u2019action collective pour la s\u00e9curit\u00e9 et la paix, et la pr\u00e9sence d\u2019un leadership qui assure \u00e9galement la repr\u00e9sentation de l\u2019Afrique, de l\u2019Europe, de l\u2019Asie et l\u2019Am\u00e9rique latine.<\/strong><\/p>\n<p><strong>Sur la m\u00eame lign\u00e9e, l\u2019ancien secr\u00e9taire g\u00e9n\u00e9ral de la Ligue arabe, Amr Moussa, a not\u00e9 que \u201cnous sommes en train de reformuler les m\u00e9canismes internationaux\u201d, jugeant n\u00e9cessaire d\u2019\u0153uvrer ensemble pour parvenir \u00e0 un syst\u00e8me multilat\u00e9ral qui garantisse les int\u00e9r\u00eats de tous les pays, afin d\u2019assurer la paix et la stabilit\u00e9 mondiales.<\/strong><\/p>\n<p><strong>De son c\u00f4t\u00e9, le pr\u00e9sident de la Commission de la d\u00e9fense, des affaires \u00e9trang\u00e8res et de l\u2019int\u00e9rieur au Conseil national f\u00e9d\u00e9ral des \u00c9mirats arabes unis, Ali Rashid Al Nuaimi, a exprim\u00e9 ses remerciements au Maroc pour avoir accueilli le \u201cDialogue de Tanger\u201d, qui se d\u00e9roule \u00e0 un moment o\u00f9 le monde fait face \u00e0 de nombreuses crises et conflits.<\/strong><\/p>\n<p><strong>Cette rencontre, marqu\u00e9e par la participation de personnalit\u00e9s de haut niveau, incarne \u201cles points les plus forts en mati\u00e8re de paix, de brassage des civilisations, et de valeurs de coexistence et de tol\u00e9rance afin de construire un monde pacifique\u201d, a-t-il ajout\u00e9.<\/strong><\/p>\n<p><strong>Lors de cet \u00e9v\u00e8nement international, les participants discutent principalement des moyens de construire la paix \u00e0 travers la culture, de l\u2019importance des facteurs \u00e9conomiques dans la dynamique des relations entre l\u2019Occident et le monde islamique, et des probl\u00e9matiques li\u00e9es aux nouvelles technologies et au changement climatique en Afrique et au Moyen-Orient, ainsi que des perspectives, \u00e0 court et moyen termes, au Moyen-Orient et en Afrique du Nord.<\/strong><\/p>\n","protected":false},"excerpt":{"rendered":"<p>Le \u201cDialogue de Tanger\u201d, organis\u00e9 par le Projet Aladdin, en partenariat avec le minist\u00e8re des Affaires \u00e9trang\u00e8res, de la Coop\u00e9ration africaine et des Marocains r\u00e9sidant \u00e0 l\u2019\u00e9tranger et l\u2019Alliance des Civilisations des Nations Unies (UNAOC), a \u00e9t\u00e9 lanc\u00e9 vendredi \u00e0 Tanger, afin de jeter des ponts de compr\u00e9hension entre les cultures et les civilisations du [&hellip;]<\/p>\n","protected":false},"author":2,"featured_media":26169,"comment_status":"open","ping_status":"open","sticky":false,"template":"","format":"standard","meta":[],"categories":[31,24],"tags":[9035,9741,533],"yst_prominent_words":[187,378,3059,226,1136],"jetpack_featured_media_url":"https:\/\/le12.ma\/fr\/wp-content\/uploads\/2022\/06\/12354.png","_links":{"self":[{"href":"https:\/\/le12.ma\/fr\/wp-json\/wp\/v2\/posts\/26168"}],"collection":[{"href":"https:\/\/le12.ma\/fr\/wp-json\/wp\/v2\/posts"}],"about":[{"href":"https:\/\/le12.ma\/fr\/wp-json\/wp\/v2\/types\/post"}],"author":[{"embeddable":true,"href":"https:\/\/le12.ma\/fr\/wp-json\/wp\/v2\/users\/2"}],"replies":[{"embeddable":true,"href":"https:\/\/le12.ma\/fr\/wp-json\/wp\/v2\/comments?post=26168"}],"version-history":[{"count":1,"href":"https:\/\/le12.ma\/fr\/wp-json\/wp\/v2\/posts\/26168\/revisions"}],"predecessor-version":[{"id":26170,"href":"https:\/\/le12.ma\/fr\/wp-json\/wp\/v2\/posts\/26168\/revisions\/26170"}],"wp:featuredmedia":[{"embeddable":true,"href":"https:\/\/le12.ma\/fr\/wp-json\/wp\/v2\/media\/26169"}],"wp:attachment":[{"href":"https:\/\/le12.ma\/fr\/wp-json\/wp\/v2\/media?parent=26168"}],"wp:term":[{"taxonomy":"category","embeddable":true,"href":"https:\/\/le12.ma\/fr\/wp-json\/wp\/v2\/categories?post=26168"},{"taxonomy":"post_tag","embeddable":true,"href":"https:\/\/le12.ma\/fr\/wp-json\/wp\/v2\/tags?post=26168"},{"taxonomy":"yst_prominent_words","embeddable":true,"href":"https:\/\/le12.ma\/fr\/wp-json\/wp\/v2\/yst_prominent_words?post=26168"}],"curies":[{"name":"wp","href":"https:\/\/api.w.org\/{rel}","templated":true}]}}