{"id":2599,"date":"2020-08-29T12:24:32","date_gmt":"2020-08-29T11:24:32","guid":{"rendered":"https:\/\/le12.ma\/fr\/?p=2599"},"modified":"2020-08-29T12:24:32","modified_gmt":"2020-08-29T11:24:32","slug":"france-coup-denvoi-du-festival-du-film-francophone-dangouleme-le-film-mica-de-ismael-ferroukhi-en-competition","status":"publish","type":"post","link":"https:\/\/le12.ma\/fr\/france-coup-denvoi-du-festival-du-film-francophone-dangouleme-le-film-mica-de-ismael-ferroukhi-en-competition\/","title":{"rendered":"France : Coup d\u2019envoi du festival du film francophone d\u2019Angoul\u00eame, le film \u201cMica\u201d de Ismael Ferroukhi en comp\u00e9tition"},"content":{"rendered":"<p><span style=\"color: #ff0000;\"><strong>Paris \u2013 le12<\/strong><\/span><\/p>\n<p><strong>Le coup d\u2019envoi du festival du film francophone d\u2019Angoul\u00eame (FFA), consid\u00e9r\u00e9 comme le premier rendez-vous important d\u00e9di\u00e9 au 7e art de la rentr\u00e9e en France, a \u00e9t\u00e9 donn\u00e9 vendredi soir. Le film \u201cMica\u201d du r\u00e9alisateur marocain Ismael Ferroukhi est en comp\u00e9tition pour les Valois de cette 13\u00e8me \u00e9dition.<\/strong><\/p>\n","protected":false},"excerpt":{"rendered":"<p>Paris \u2013 le12 Le coup d\u2019envoi du festival du film francophone d\u2019Angoul\u00eame (FFA), consid\u00e9r\u00e9 comme le premier rendez-vous important d\u00e9di\u00e9 au 7e art de la rentr\u00e9e en France, a \u00e9t\u00e9 donn\u00e9 vendredi soir. Le film \u201cMica\u201d du r\u00e9alisateur marocain Ismael Ferroukhi est en comp\u00e9tition pour les Valois de cette 13\u00e8me \u00e9dition.<\/p>\n","protected":false},"author":4,"featured_media":2600,"comment_status":"open","ping_status":"open","sticky":false,"template":"","format":"standard","meta":[],"categories":[31],"tags":[],"yst_prominent_words":[],"jetpack_featured_media_url":"https:\/\/le12.ma\/fr\/wp-content\/uploads\/2020\/08\/20200829_122220.jpg","_links":{"self":[{"href":"https:\/\/le12.ma\/fr\/wp-json\/wp\/v2\/posts\/2599"}],"collection":[{"href":"https:\/\/le12.ma\/fr\/wp-json\/wp\/v2\/posts"}],"about":[{"href":"https:\/\/le12.ma\/fr\/wp-json\/wp\/v2\/types\/post"}],"author":[{"embeddable":true,"href":"https:\/\/le12.ma\/fr\/wp-json\/wp\/v2\/users\/4"}],"replies":[{"embeddable":true,"href":"https:\/\/le12.ma\/fr\/wp-json\/wp\/v2\/comments?post=2599"}],"version-history":[{"count":1,"href":"https:\/\/le12.ma\/fr\/wp-json\/wp\/v2\/posts\/2599\/revisions"}],"predecessor-version":[{"id":2601,"href":"https:\/\/le12.ma\/fr\/wp-json\/wp\/v2\/posts\/2599\/revisions\/2601"}],"wp:featuredmedia":[{"embeddable":true,"href":"https:\/\/le12.ma\/fr\/wp-json\/wp\/v2\/media\/2600"}],"wp:attachment":[{"href":"https:\/\/le12.ma\/fr\/wp-json\/wp\/v2\/media?parent=2599"}],"wp:term":[{"taxonomy":"category","embeddable":true,"href":"https:\/\/le12.ma\/fr\/wp-json\/wp\/v2\/categories?post=2599"},{"taxonomy":"post_tag","embeddable":true,"href":"https:\/\/le12.ma\/fr\/wp-json\/wp\/v2\/tags?post=2599"},{"taxonomy":"yst_prominent_words","embeddable":true,"href":"https:\/\/le12.ma\/fr\/wp-json\/wp\/v2\/yst_prominent_words?post=2599"}],"curies":[{"name":"wp","href":"https:\/\/api.w.org\/{rel}","templated":true}]}}