{"id":25865,"date":"2022-06-07T15:14:13","date_gmt":"2022-06-07T14:14:13","guid":{"rendered":"https:\/\/le12.ma\/fr\/?p=25865"},"modified":"2022-06-07T15:05:56","modified_gmt":"2022-06-07T14:05:56","slug":"signature-a-casablanca-des-livres-la-couleur-des-mots-et-les-vitraux","status":"publish","type":"post","link":"https:\/\/le12.ma\/fr\/signature-a-casablanca-des-livres-la-couleur-des-mots-et-les-vitraux\/","title":{"rendered":"Signature \u00e0 Casablanca des livres \u00ab La couleur des mots \u00bb et \u00ab Les Vitraux \u00bb"},"content":{"rendered":"<h4><span style=\"color: #000000;\"><strong>Une c\u00e9r\u00e9monie de signature des livres \u00ab La couleur des mots \u00bb de Tahar Benjelloun et \u00ab Les Vitraux \u00bb de Tahar Benjelloun et J\u00e9r\u00f4me Cl\u00e9ment a \u00e9t\u00e9 organis\u00e9e, lundi soir \u00e0 <a href=\"https:\/\/www.linkedin.com\/authwall?trk=ripf&amp;trkInfo=AQHKaA0R8eK1RQAAAYE9wSTIgwcieDfICPKVJ4SaLn-kH2X3NOFhKwp2JNCeFRI9dmw-mfHy6kyBzta1ubNFNM28tF85orOTa0RD_nTJYa1Iekv0xboL2Ecdy_Q-lx_6HjslwQg=&amp;original_referer=https:\/\/www.google.com\/&amp;sessionRedirect=https%3A%2F%2Fma.linkedin.com%2Fcompany%2Fartorium-espace-d-art\">Espace d\u2019art Artorium de Casablanca.<\/a><\/strong><\/span><\/h4>\n<p><strong>Edit\u00e9 Chez l\u2019Iconoclaste, le r\u00e9cit intime de <a href=\"https:\/\/fr.wikipedia.org\/wiki\/Tahar_Ben_Jelloun\">Tahar Ben Jelloun<\/a> \u00ab La couleur des mots \u00bb explique comment l\u2019\u00e9criture et la peinture ont guid\u00e9 la vie de cet \u00e9crivain de renom qui fait partie des auteurs les plus traduits au Monde. Il plonge pour la premi\u00e8re fois aux sources de sa cr\u00e9ation.<\/strong><\/p>\n<p><strong>Le bleu de Tanger et la lumi\u00e8re crue ont nourri l\u2019\u0153uvre de Tahara Ben Jelloun qui, encore enfant, dessinait sur les grands papiers d\u2019emballage du magasin d\u2019\u00e9picier de son p\u00e8re.<\/strong><\/p>\n<p><strong>Quant au livre Les Vitraux, \u00e9dit\u00e9 chez Gallimard, il narre l\u2019histoire des vitraux de l\u2019\u00e9glise Saint-Genulf du Thoureil dans la commune de Gennes-Val-de-Loire.<\/strong><\/p>\n<p><strong>Les vitraux de l\u2019\u00e9glise sont le fruit de la rencontre d\u2019un homme d\u2019origine juive et \u00e0 l\u2019enfance empreinte de catholicisme, en l\u2019occurrence J\u00e9r\u00f4me Cl\u00e9ment, ancien pr\u00e9sident d\u2019Arte et d\u2019un \u00e9crivain peintre de culture musulmane, \u00e0 savoir Tahar Ben Jelloun.<\/strong><\/p>\n<p><strong>A la demande de J\u00e9r\u00f4me Cl\u00e9ment, cette \u00e9glise s\u2019orne d\u00e9sormais de vitraux imagin\u00e9s par Tahar Ben Jelloun, inspir\u00e9 par ceux de Henri Matisse de Pierre Soulage ou de Folon Sertis dans des sanctuaires m\u00e9ridionaux.<\/strong><\/p>\n<p><strong>Gr\u00e2ce \u00e0 ces verri\u00e8res dont la clart\u00e9 est l\u00e0 pour apaiser l\u2019esprit et lui donner une l\u00e9g\u00e8ret\u00e9 lumineuse, cette radieuse mise en couleurs, r\u00e9alis\u00e9e par le ma\u00eetre verrier Philippe Brissy, inscrit dans son syncr\u00e9tisme serein dans l\u2019histoire du patrimoine artistique et spirituel.<\/strong><\/p>\n<p><strong>A cette occasion, l\u2019\u00e9crivain et peintre, Tahar Ben Jelloun s\u2019est dit, dans une d\u00e9claration \u00e0 M24, cha\u00eene d\u2019information en continu de la MAP, tr\u00e8s fier d\u2019\u00eatre \u00e0 Casablanca, apr\u00e8s avoir expos\u00e9 \u00e0 Duba\u00ef, Milan, Rome, Paris et Marrakech.<\/strong><\/p>\n<p><strong>Il a soulign\u00e9 que \u00ab La couleur des mots \u00bb est un r\u00e9cit autobiographique sur son rapport \u00e0 la litt\u00e9rature et la peinture, notant que dans cet ouvrage, il essaye de raconter sa relation depuis l\u2019enfance avec l\u2019\u00e9criture, le dessin, la couleur et les mots.<\/strong><\/p>\n<p><strong>Et de souligner qu\u2019avant d\u2019apprendre \u00e0 lire et \u00e9crire, il dessinait beaucoup jusqu\u2019\u00e0 devenir un peintre professionnel depuis une quinzaine d\u2019ann\u00e9es.<\/strong><\/p>\n<p><strong>Quant au livre \u00ab Les Vitraux \u00bb, il dit revenir sur les vitraux r\u00e9alis\u00e9s par lui-m\u00eame dans une \u00e9glise, situ\u00e9e dans le Thoureil un petit village en France, expliquant qu\u2019il s\u2019agit de la premi\u00e8re fois o\u00f9 un artiste musulman r\u00e9alise des vitraux dans une \u00e9glise en France.<\/strong><\/p>\n<p><strong>Selon lui, cette initiative a vu le jour gr\u00e2ce \u00e0 J\u00e9r\u00f4me cl\u00e9ment, ancien pr\u00e9sident d\u2019Arte, qui a vu ses toiles \u00e0 l\u2019Institut du monde arabe \u00e0 Paris, notant que ce travail a dur\u00e9 deux ans apr\u00e8s des n\u00e9gociations avec les communes, l\u2019\u00c9tat et l\u2019\u00e9glise.<\/strong><\/p>\n<p><strong>Et de pr\u00e9ciser qu\u2019actuellement, il y a huit fen\u00eatres qui illuminent cette \u00e9glise, estimant que c\u2019est un d\u00e9fi extraordinaire et symboliquement tr\u00e8s important dans la mesure o\u00f9 il s\u2019agit de huit tr\u00e8s grandes fen\u00eatres de trois m\u00e8tres de haut et qui donnent une lumi\u00e8re particuli\u00e8re \u00e0 cette \u00e9glise.<\/strong><\/p>\n","protected":false},"excerpt":{"rendered":"<p>Une c\u00e9r\u00e9monie de signature des livres \u00ab La couleur des mots \u00bb de Tahar Benjelloun et \u00ab Les Vitraux \u00bb de Tahar Benjelloun et J\u00e9r\u00f4me Cl\u00e9ment a \u00e9t\u00e9 organis\u00e9e, lundi soir \u00e0 Espace d\u2019art Artorium de Casablanca. Edit\u00e9 Chez l\u2019Iconoclaste, le r\u00e9cit intime de Tahar Ben Jelloun \u00ab La couleur des mots \u00bb explique comment [&hellip;]<\/p>\n","protected":false},"author":2,"featured_media":25866,"comment_status":"open","ping_status":"open","sticky":false,"template":"","format":"standard","meta":[],"categories":[31],"tags":[9632,9629,9631,9630],"yst_prominent_words":[2856],"jetpack_featured_media_url":"https:\/\/le12.ma\/fr\/wp-content\/uploads\/2022\/06\/251.png","_links":{"self":[{"href":"https:\/\/le12.ma\/fr\/wp-json\/wp\/v2\/posts\/25865"}],"collection":[{"href":"https:\/\/le12.ma\/fr\/wp-json\/wp\/v2\/posts"}],"about":[{"href":"https:\/\/le12.ma\/fr\/wp-json\/wp\/v2\/types\/post"}],"author":[{"embeddable":true,"href":"https:\/\/le12.ma\/fr\/wp-json\/wp\/v2\/users\/2"}],"replies":[{"embeddable":true,"href":"https:\/\/le12.ma\/fr\/wp-json\/wp\/v2\/comments?post=25865"}],"version-history":[{"count":3,"href":"https:\/\/le12.ma\/fr\/wp-json\/wp\/v2\/posts\/25865\/revisions"}],"predecessor-version":[{"id":25897,"href":"https:\/\/le12.ma\/fr\/wp-json\/wp\/v2\/posts\/25865\/revisions\/25897"}],"wp:featuredmedia":[{"embeddable":true,"href":"https:\/\/le12.ma\/fr\/wp-json\/wp\/v2\/media\/25866"}],"wp:attachment":[{"href":"https:\/\/le12.ma\/fr\/wp-json\/wp\/v2\/media?parent=25865"}],"wp:term":[{"taxonomy":"category","embeddable":true,"href":"https:\/\/le12.ma\/fr\/wp-json\/wp\/v2\/categories?post=25865"},{"taxonomy":"post_tag","embeddable":true,"href":"https:\/\/le12.ma\/fr\/wp-json\/wp\/v2\/tags?post=25865"},{"taxonomy":"yst_prominent_words","embeddable":true,"href":"https:\/\/le12.ma\/fr\/wp-json\/wp\/v2\/yst_prominent_words?post=25865"}],"curies":[{"name":"wp","href":"https:\/\/api.w.org\/{rel}","templated":true}]}}