{"id":25788,"date":"2022-06-06T11:37:41","date_gmt":"2022-06-06T10:37:41","guid":{"rendered":"https:\/\/le12.ma\/fr\/?p=25788"},"modified":"2022-06-06T11:37:41","modified_gmt":"2022-06-06T10:37:41","slug":"langue-arabe-les-meilleurs-eleves-marocains-distingues-a-bruxelles","status":"publish","type":"post","link":"https:\/\/le12.ma\/fr\/langue-arabe-les-meilleurs-eleves-marocains-distingues-a-bruxelles\/","title":{"rendered":"Langue arabe : Les meilleurs \u00e9l\u00e8ves marocains distingu\u00e9s \u00e0 Bruxelles"},"content":{"rendered":"<h4><span style=\"color: #000000;\"><strong>Des \u00e9l\u00e8ves de la communaut\u00e9 marocaine en Belgique, qui ont brill\u00e9 au concours de parach\u00e8vement des \u00e9tudes primaires en langue et culture arabes, ont \u00e9t\u00e9 c\u00e9l\u00e9br\u00e9s, dimanche \u00e0 Bruxelles, lors d\u2019une c\u00e9r\u00e9monie initi\u00e9e par l\u2019ambassade du Maroc en <a href=\"https:\/\/fr.wikipedia.org\/wiki\/Belgique\">Belgique <\/a>et la Fondation Hassan II pour <a href=\"https:\/\/le12.ma\/fr\/crise-maroco-espagnole-declaration-du-ministere-des-affaires-etrangeres-de-la-cooperation-africaine-et-des-marocains-residant-a-letranger\/\">les Marocains r\u00e9sidant \u00e0 l\u2019\u00e9tranger.<\/a><\/strong><\/span><\/h4>\n","protected":false},"excerpt":{"rendered":"<p>Des \u00e9l\u00e8ves de la communaut\u00e9 marocaine en Belgique, qui ont brill\u00e9 au concours de parach\u00e8vement des \u00e9tudes primaires en langue et culture arabes, ont \u00e9t\u00e9 c\u00e9l\u00e9br\u00e9s, dimanche \u00e0 Bruxelles, lors d\u2019une c\u00e9r\u00e9monie initi\u00e9e par l\u2019ambassade du Maroc en Belgique et la Fondation Hassan II pour les Marocains r\u00e9sidant \u00e0 l\u2019\u00e9tranger.<\/p>\n","protected":false},"author":2,"featured_media":25789,"comment_status":"open","ping_status":"open","sticky":false,"template":"","format":"standard","meta":[],"categories":[33],"tags":[8435,8826,7662],"yst_prominent_words":[5448],"jetpack_featured_media_url":"https:\/\/le12.ma\/fr\/wp-content\/uploads\/2022\/06\/79393_d1e84a5bfd385f0eecc441140728b3bb20190610115310_thumb_565.jpg","_links":{"self":[{"href":"https:\/\/le12.ma\/fr\/wp-json\/wp\/v2\/posts\/25788"}],"collection":[{"href":"https:\/\/le12.ma\/fr\/wp-json\/wp\/v2\/posts"}],"about":[{"href":"https:\/\/le12.ma\/fr\/wp-json\/wp\/v2\/types\/post"}],"author":[{"embeddable":true,"href":"https:\/\/le12.ma\/fr\/wp-json\/wp\/v2\/users\/2"}],"replies":[{"embeddable":true,"href":"https:\/\/le12.ma\/fr\/wp-json\/wp\/v2\/comments?post=25788"}],"version-history":[{"count":1,"href":"https:\/\/le12.ma\/fr\/wp-json\/wp\/v2\/posts\/25788\/revisions"}],"predecessor-version":[{"id":25790,"href":"https:\/\/le12.ma\/fr\/wp-json\/wp\/v2\/posts\/25788\/revisions\/25790"}],"wp:featuredmedia":[{"embeddable":true,"href":"https:\/\/le12.ma\/fr\/wp-json\/wp\/v2\/media\/25789"}],"wp:attachment":[{"href":"https:\/\/le12.ma\/fr\/wp-json\/wp\/v2\/media?parent=25788"}],"wp:term":[{"taxonomy":"category","embeddable":true,"href":"https:\/\/le12.ma\/fr\/wp-json\/wp\/v2\/categories?post=25788"},{"taxonomy":"post_tag","embeddable":true,"href":"https:\/\/le12.ma\/fr\/wp-json\/wp\/v2\/tags?post=25788"},{"taxonomy":"yst_prominent_words","embeddable":true,"href":"https:\/\/le12.ma\/fr\/wp-json\/wp\/v2\/yst_prominent_words?post=25788"}],"curies":[{"name":"wp","href":"https:\/\/api.w.org\/{rel}","templated":true}]}}