{"id":25785,"date":"2022-06-06T11:25:27","date_gmt":"2022-06-06T10:25:27","guid":{"rendered":"https:\/\/le12.ma\/fr\/?p=25785"},"modified":"2022-06-06T11:25:27","modified_gmt":"2022-06-06T10:25:27","slug":"le-role-de-premier-plan-dans-la-preservation-de-lidentite-culturelle-de-la-ville-sainte","status":"publish","type":"post","link":"https:\/\/le12.ma\/fr\/le-role-de-premier-plan-dans-la-preservation-de-lidentite-culturelle-de-la-ville-sainte\/","title":{"rendered":"Le r\u00f4le de premier plan dans la pr\u00e9servation de l\u2019identit\u00e9 culturelle de la ville sainte"},"content":{"rendered":"<h4><span style=\"color: #000000;\"><strong>Le centre culturel marocain \u00e0 Al Qods joue un r\u00f4le essentiel dans la pr\u00e9servation de l\u2019identit\u00e9 historique et civilisationnelle de la ville sainte, ont indiqu\u00e9 les participants \u00e0 une conf\u00e9rence organis\u00e9e, dimanche \u00e0 Rabat, dans le cadre de la 27\u00e8me \u00e9dition du Salon du livre.<\/strong><\/span><\/h4>\n<p><strong>Les intervenants \u00e0 cette rencontre, organis\u00e9e par l\u2019Agence Bayt Mal Al-Qods Acharif sur le th\u00e8me \u201cle r\u00f4le des centres culturels en mati\u00e8re de pr\u00e9servation de l\u2019identit\u00e9 d\u2019Al Qods: l\u2019exemple du centre marocain\u201d, ont indiqu\u00e9 que ces entit\u00e9s agissent en garde-fou pour la pr\u00e9servation du legs civilisationnel et du patrimoine identitaire de la ville sainte.<\/strong><\/p>\n<p><strong>Ils ont \u00e9galement \u00e9voqu\u00e9 les possibilit\u00e9s d\u2019action culturelle au sein de la ville sainte, \u00e0 l\u2019image de l\u2019exp\u00e9rience du Royaume du Maroc, qui a construit son centre culturel dans la vieille ville d\u2019Al Qods pour participer \u00e0 la pr\u00e9servation du noyau d\u2019Al Qods et la pr\u00e9sence historique des Marocains dans cette ville.<\/strong><\/p>\n<p><strong>A cette occasion, le Directeur charg\u00e9 de la gestion de l\u2019Agence Bayt Mal Al Qods Acharif, Mohamed Salem Cherkaoui, a indiqu\u00e9 que l<a href=\"http:\/\/www.lecentreculturelmarocain.ca\/\">e centre culturel marocain<\/a> est un exemple \u00e0 suivre pour les pays souhaitant contribuer \u00e0 la pr\u00e9servation de l\u2019identit\u00e9 palestinienne d\u2019Al Qods et de sauvegarder son patrimoine culturel et son cachet architectural.<\/strong><\/p>\n<p><strong>Ce centre renforce le lien \u00e9motionnel des Marocains avec Al-Qods et vient leur rappeler les sacrifices consentis pour pr\u00e9server les symboles religieux et civilisationnels de la ville sainte, a-t-il ajout\u00e9.<\/strong><\/p>\n<p><strong>Convaincue que la culture constitue un levier essentiel pour pr\u00e9server l\u2019identit\u00e9 culturelle d\u2019Al Qods, l\u2019Agence Bayt Mal Al-Qods Acharif a accord\u00e9 des subventions d\u00e9di\u00e9es \u00e0 l\u2019animation culturelle au profit des plus importants centres culturels de la ville sainte, a-t-il fait savoir, pr\u00e9cisant que parmi les b\u00e9n\u00e9ficiaires de cette initiative figurent le th\u00e9\u00e2tre Al-Hakawati et le centre culturel Yabous.<\/strong><\/p>\n<p><strong>Pour sa part, le directeur du centre culturel marocain \u00e0 Al Qods, Ismail Al-Ramli, a qualifi\u00e9 le centre culturel marocain d\u2019espace de communication et de coexistence et trait d\u2019union entre les peuples, notant que cet \u00e9difice incarne plus de 1.000 ans de pr\u00e9sence marocaine \u00e0 Al Qods.<\/strong><\/p>\n<p><strong>Ce centre culturel, qui rappelle la relation mill\u00e9naire entre <a href=\"https:\/\/le12.ma\/fr\/consulat-mobile-au-profit-des-marocains-etablis-a-grenoble\/\">Marocains<\/a> et Maqdissis, est un haut lieu de culture qui met en valeur la culture marocaine ancestrale et l\u2019art marocain authentique, a-t-il poursuivi.<\/strong><\/p>\n<p><strong>De son c\u00f4t\u00e9, le doyen de la facult\u00e9 des lettres relevant de l\u2019universit\u00e9 d\u2019Al Qods, a appel\u00e9 \u00e0 f\u00e9d\u00e9rer les efforts au service de la ville sainte et de ses habitants afin de pr\u00e9munir la ville sainte de toutes les tentatives visant \u00e0 d\u00e9naturer son identit\u00e9 arabo-islamique.<\/strong><\/p>\n<p><strong>L\u2019\u00e9crivain palestinien Tahssine Yakine a soulign\u00e9, quant \u00e0 lui, la capacit\u00e9 de la culture \u00e0 mobiliser les g\u00e9n\u00e9rations montantes palestiniennes \u00e0 assumer la responsabilit\u00e9 de d\u00e9fendre Al Qods et son identit\u00e9 civilisationnelle, saluant \u00e0 cet \u00e9gard la contribution du Royaume \u00e0 travers notamment son centre culturel \u00e0 Al Qods.<\/strong><\/p>\n","protected":false},"excerpt":{"rendered":"<p>Le centre culturel marocain \u00e0 Al Qods joue un r\u00f4le essentiel dans la pr\u00e9servation de l\u2019identit\u00e9 historique et civilisationnelle de la ville sainte, ont indiqu\u00e9 les participants \u00e0 une conf\u00e9rence organis\u00e9e, dimanche \u00e0 Rabat, dans le cadre de la 27\u00e8me \u00e9dition du Salon du livre. Les intervenants \u00e0 cette rencontre, organis\u00e9e par l\u2019Agence Bayt Mal [&hellip;]<\/p>\n","protected":false},"author":2,"featured_media":25786,"comment_status":"open","ping_status":"open","sticky":false,"template":"","format":"standard","meta":[],"categories":[31],"tags":[9333,6721,182],"yst_prominent_words":[1117,746,737,740],"jetpack_featured_media_url":"https:\/\/le12.ma\/fr\/wp-content\/uploads\/2022\/06\/comite_al_qods_-_sm_le_roi_m_vi.jpg","_links":{"self":[{"href":"https:\/\/le12.ma\/fr\/wp-json\/wp\/v2\/posts\/25785"}],"collection":[{"href":"https:\/\/le12.ma\/fr\/wp-json\/wp\/v2\/posts"}],"about":[{"href":"https:\/\/le12.ma\/fr\/wp-json\/wp\/v2\/types\/post"}],"author":[{"embeddable":true,"href":"https:\/\/le12.ma\/fr\/wp-json\/wp\/v2\/users\/2"}],"replies":[{"embeddable":true,"href":"https:\/\/le12.ma\/fr\/wp-json\/wp\/v2\/comments?post=25785"}],"version-history":[{"count":1,"href":"https:\/\/le12.ma\/fr\/wp-json\/wp\/v2\/posts\/25785\/revisions"}],"predecessor-version":[{"id":25787,"href":"https:\/\/le12.ma\/fr\/wp-json\/wp\/v2\/posts\/25785\/revisions\/25787"}],"wp:featuredmedia":[{"embeddable":true,"href":"https:\/\/le12.ma\/fr\/wp-json\/wp\/v2\/media\/25786"}],"wp:attachment":[{"href":"https:\/\/le12.ma\/fr\/wp-json\/wp\/v2\/media?parent=25785"}],"wp:term":[{"taxonomy":"category","embeddable":true,"href":"https:\/\/le12.ma\/fr\/wp-json\/wp\/v2\/categories?post=25785"},{"taxonomy":"post_tag","embeddable":true,"href":"https:\/\/le12.ma\/fr\/wp-json\/wp\/v2\/tags?post=25785"},{"taxonomy":"yst_prominent_words","embeddable":true,"href":"https:\/\/le12.ma\/fr\/wp-json\/wp\/v2\/yst_prominent_words?post=25785"}],"curies":[{"name":"wp","href":"https:\/\/api.w.org\/{rel}","templated":true}]}}