{"id":25778,"date":"2022-06-06T10:46:00","date_gmt":"2022-06-06T09:46:00","guid":{"rendered":"https:\/\/le12.ma\/fr\/?p=25778"},"modified":"2022-06-06T10:46:00","modified_gmt":"2022-06-06T09:46:00","slug":"consulat-mobile-au-profit-des-marocains-etablis-a-grenoble","status":"publish","type":"post","link":"https:\/\/le12.ma\/fr\/consulat-mobile-au-profit-des-marocains-etablis-a-grenoble\/","title":{"rendered":"Consulat mobile au profit des Marocains \u00e9tablis \u00e0 Grenoble"},"content":{"rendered":"<h4><span style=\"color: #000000;\"><strong>Un consulat mobile a \u00e9t\u00e9 organis\u00e9, samedi \u00e0<a href=\"https:\/\/fr.wikipedia.org\/wiki\/Grenoble\"> Grenoble<\/a>, dans la r\u00e9gion Auvergne-Rh\u00f4ne-Alpes, afin de rapprocher les prestations consulaires aux membres de la communaut\u00e9 marocaine \u00e9tablie dans cette r\u00e9gion.<\/strong><\/span><\/h4>\n<p><strong>Cette mission consulaire s\u2019inscrit dans le cadre des d\u00e9placements et visites de terrain dans les diff\u00e9rents d\u00e9partements de la r\u00e9gion Auvergne-Rh\u00f4ne-Alpes, indique un communiqu\u00e9 du consulat g\u00e9n\u00e9ral du Maroc \u00e0 Lyon, ajoutant que ce consulat mobile a mobilis\u00e9 un staff consulaire compos\u00e9 de dix personnes.<\/strong><\/p>\n<p><strong>Ainsi, et suite \u00e0 l\u2019annonce du lancement officiel de l\u2019op\u00e9ration Marhaba-2022, des centaines de membres de la communaut\u00e9 marocaine r\u00e9sidant \u00e0 Grenoble et ses alentours ont b\u00e9n\u00e9fici\u00e9 de diff\u00e9rentes prestations consulaires, dont la remise des documents officiels tels que les passeports, les cartes nationales d\u2019identit\u00e9 \u00e9lectronique, les actes notariaux et adoulaires.<\/strong><\/p>\n<p><strong>A cette occasion, <a href=\"https:\/\/le12.ma\/fr\/consultations-pour-la-formation-du-nouveau-gouvernement-m-akhannouch-rencontre-le-sg-du-mds\/\">le Consul g\u00e9n\u00e9ral<\/a>, Zouhair Jibraili a rencontr\u00e9 de nombreux acteurs associatifs actifs dans les domaines culturels, artistiques et sportifs avec lesquels il s\u2019est entretenu des voies et moyens de rapprocher davantage l\u2019administration des Marocains \u00e9tablis en Is\u00e8re, un d\u00e9partement qui conna\u00eet une forte concentration de ressortissants marocains, ajoute le communiqu\u00e9.<\/strong><\/p>\n<p><strong>Jibraili s\u2019est \u00e9galement entretenu avec de nombreux \u00e9lus locaux, dont le maire de la commune d\u2019Echirolle, Renzo Sulli et son premier adjoint, avec lesquels il a \u00e9voqu\u00e9 diff\u00e9rents aspects de la coop\u00e9ration d\u00e9centralis\u00e9e entre la ville de Grenoble, la municipalit\u00e9 de la ville d\u2019Echirolle et le Consulat g\u00e9n\u00e9ral du Royaume \u00e0 Lyon, conclut-on.<\/strong><\/p>\n","protected":false},"excerpt":{"rendered":"<p>Un consulat mobile a \u00e9t\u00e9 organis\u00e9, samedi \u00e0 Grenoble, dans la r\u00e9gion Auvergne-Rh\u00f4ne-Alpes, afin de rapprocher les prestations consulaires aux membres de la communaut\u00e9 marocaine \u00e9tablie dans cette r\u00e9gion. Cette mission consulaire s\u2019inscrit dans le cadre des d\u00e9placements et visites de terrain dans les diff\u00e9rents d\u00e9partements de la r\u00e9gion Auvergne-Rh\u00f4ne-Alpes, indique un communiqu\u00e9 du consulat [&hellip;]<\/p>\n","protected":false},"author":2,"featured_media":23996,"comment_status":"open","ping_status":"open","sticky":false,"template":"","format":"standard","meta":[],"categories":[33],"tags":[9596,9595,6398],"yst_prominent_words":[851,391,3834,244,1704,3634,4315,4410,967],"jetpack_featured_media_url":"https:\/\/le12.ma\/fr\/wp-content\/uploads\/2022\/04\/drapeaux-marocains.jpg","_links":{"self":[{"href":"https:\/\/le12.ma\/fr\/wp-json\/wp\/v2\/posts\/25778"}],"collection":[{"href":"https:\/\/le12.ma\/fr\/wp-json\/wp\/v2\/posts"}],"about":[{"href":"https:\/\/le12.ma\/fr\/wp-json\/wp\/v2\/types\/post"}],"author":[{"embeddable":true,"href":"https:\/\/le12.ma\/fr\/wp-json\/wp\/v2\/users\/2"}],"replies":[{"embeddable":true,"href":"https:\/\/le12.ma\/fr\/wp-json\/wp\/v2\/comments?post=25778"}],"version-history":[{"count":1,"href":"https:\/\/le12.ma\/fr\/wp-json\/wp\/v2\/posts\/25778\/revisions"}],"predecessor-version":[{"id":25779,"href":"https:\/\/le12.ma\/fr\/wp-json\/wp\/v2\/posts\/25778\/revisions\/25779"}],"wp:featuredmedia":[{"embeddable":true,"href":"https:\/\/le12.ma\/fr\/wp-json\/wp\/v2\/media\/23996"}],"wp:attachment":[{"href":"https:\/\/le12.ma\/fr\/wp-json\/wp\/v2\/media?parent=25778"}],"wp:term":[{"taxonomy":"category","embeddable":true,"href":"https:\/\/le12.ma\/fr\/wp-json\/wp\/v2\/categories?post=25778"},{"taxonomy":"post_tag","embeddable":true,"href":"https:\/\/le12.ma\/fr\/wp-json\/wp\/v2\/tags?post=25778"},{"taxonomy":"yst_prominent_words","embeddable":true,"href":"https:\/\/le12.ma\/fr\/wp-json\/wp\/v2\/yst_prominent_words?post=25778"}],"curies":[{"name":"wp","href":"https:\/\/api.w.org\/{rel}","templated":true}]}}