{"id":25692,"date":"2022-06-03T16:31:00","date_gmt":"2022-06-03T15:31:00","guid":{"rendered":"https:\/\/le12.ma\/fr\/?p=25692"},"modified":"2022-06-03T16:31:00","modified_gmt":"2022-06-03T15:31:00","slug":"siel-2022-le-ministere-de-la-justice-lance-son-portail-adala-2","status":"publish","type":"post","link":"https:\/\/le12.ma\/fr\/siel-2022-le-ministere-de-la-justice-lance-son-portail-adala-2\/","title":{"rendered":"SIEL 2022 : le minist\u00e8re de la Justice lance son portail \u201cADALA 2\u201d"},"content":{"rendered":"<h4><span style=\"color: #000000;\"><strong>Le minist\u00e8re de la Justice a lanc\u00e9, vendredi, son portail juridique \u201cADALA 2\u201d ainsi que son nouveau site \u00e9lectronique, \u00e0 l\u2019occasion de l\u2019inauguration du stand du <a href=\"https:\/\/le12.ma\/fr\/cas-suspects-de-la-variole-du-singe-au-maroc-on-en-sait-plus-ministere\/\">minist\u00e8re<\/a> au Salon International de l\u2019\u00c9dition et du Livre (<a href=\"https:\/\/www.facebook.com\/siel.maroc\">SIEL<\/a>) \u00e0 Rabat.<\/strong><\/span><\/h4>\n<p><strong>Le lancement de ce portail, en pr\u00e9sence du ministre de la Justice, Abdellatif Ouahbi, intervient dans le cadre de la strat\u00e9gie de la transformation digitale du minist\u00e8re et en application des dispositifs de la charte de la r\u00e9forme judiciaire, notamment en ce qui concerne la modernisation de l\u2019administration judiciaire et son ouverture sur l\u2019usager.<\/strong><\/p>\n<p><strong>Con\u00e7u et d\u00e9velopp\u00e9 par la Direction des \u00e9tudes, de la coop\u00e9ration et de la modernisation au minist\u00e8re, le portail \u201cADALA 2\u201d est une interface qui r\u00e9unit les diff\u00e9rents acteurs du syst\u00e8me de la justice, vu la richesse de ses textes, documents et liens utiles qui facilitent l\u2019acc\u00e8s \u00e0 l\u2019information juridique et judiciaire.<\/strong><\/p>\n<p><strong>Il permet \u00e9galement la recherche des textes juridiques, de la jurisprudence, des d\u00e9cisions de la Cour constitutionnelle et des conventions internationales, ainsi que de toutes les ressources documentaires en la mati\u00e8re (\u00e9tudes et ouvrages, revues juridiques et manuels\u2026) et des publications r\u00e9centes, parues ou \u00e0 paraitre.<\/strong><\/p>\n<p><strong>Dans une d\u00e9claration \u00e0 la presse, M. Ouahbi a soulign\u00e9 que le lancement de ce portail et du nouveau site institutionnel du minist\u00e8re repr\u00e9sente un saut qualitatif pour le minist\u00e8re en mati\u00e8re de digitalisation, ajoutant que cette d\u00e9marche s\u2019inscrit dans le cadre d\u2019un plan \u00e0 long terme visant la digitalisation de toutes les prestations destin\u00e9es au citoyen.<\/strong><\/p>\n<p><strong>Il a, \u00e0 ce titre, assur\u00e9 que la facilitation de l\u2019acc\u00e8s des citoyens \u00e0 la justice et l\u2019acc\u00e9l\u00e9ration de la satisfaction de leurs exigences demeurent au centre des priorit\u00e9s du minist\u00e8re.<\/strong><\/p>\n<p><strong>Pour sa part, la directrice des \u00e9tudes, de la coop\u00e9ration et de la modernisation au minist\u00e8re, Samia Choukri, a pr\u00e9cis\u00e9 que le portail juridique englobe 12.000 documents r\u00e9partis entre lois, d\u00e9crets, dahirs, livres et publications, ajoutant que ce portail a \u00e9t\u00e9 con\u00e7u de sorte \u00e0 \u00eatre constamment mis \u00e0 jour et faciliter l\u2019acc\u00e8s \u00e0 l\u2019information gr\u00e2ce \u00e0 un moteur de recherche intelligent.<\/strong><\/p>\n<p><strong>Les usagers pourront aussi s\u2019abonner \u00e0 la newsletter du portail pour recevoir toutes les nouveaut\u00e9s, a-t-elle ajout\u00e9, notant que ce portail est le d\u00e9but d\u2019un projet de digitalisation de la riche biblioth\u00e8que du minist\u00e8re de la Justice, \u00e0 m\u00eame d\u2019accompagner le d\u00e9veloppement technologique rapide.<\/strong><\/p>\n<p><strong>Le portail \u201cADALA 2\u201d a \u00e9t\u00e9 d\u00e9velopp\u00e9 \u00e0 l\u2019aide des derniers moteurs de recherche rapide de renomm\u00e9e mondiale, qui offrent la possibilit\u00e9 de rechercher dans le texte int\u00e9gral des documents, en choisissant une recherche rapide, ressource, th\u00e9matique ou avanc\u00e9e (date, type, sujet\u2026). Il offre \u00e9galement la possibilit\u00e9 de t\u00e9l\u00e9charger, depuis 1968, les versions \u00e9lectroniques des documents, en arabe ou en fran\u00e7ais.<\/strong><\/p>\n<p><strong>Le minist\u00e8re de la Justice a \u00e9galement lanc\u00e9 une nouvelle version de son site web officiel, dans l\u2019objectif de r\u00e9pondre aux attentes des citoyens et des diff\u00e9rents acteurs en mati\u00e8re de recherche d\u2019information et d\u2019acc\u00e8s aux services.<\/strong><\/p>\n","protected":false},"excerpt":{"rendered":"<p>Le minist\u00e8re de la Justice a lanc\u00e9, vendredi, son portail juridique \u201cADALA 2\u201d ainsi que son nouveau site \u00e9lectronique, \u00e0 l\u2019occasion de l\u2019inauguration du stand du minist\u00e8re au Salon International de l\u2019\u00c9dition et du Livre (SIEL) \u00e0 Rabat. Le lancement de ce portail, en pr\u00e9sence du ministre de la Justice, Abdellatif Ouahbi, intervient dans le [&hellip;]<\/p>\n","protected":false},"author":2,"featured_media":25693,"comment_status":"open","ping_status":"open","sticky":false,"template":"","format":"standard","meta":[],"categories":[31],"tags":[7858,9567,9550],"yst_prominent_words":[148,1441,453],"jetpack_featured_media_url":"https:\/\/le12.ma\/fr\/wp-content\/uploads\/2022\/06\/0206060600.png","_links":{"self":[{"href":"https:\/\/le12.ma\/fr\/wp-json\/wp\/v2\/posts\/25692"}],"collection":[{"href":"https:\/\/le12.ma\/fr\/wp-json\/wp\/v2\/posts"}],"about":[{"href":"https:\/\/le12.ma\/fr\/wp-json\/wp\/v2\/types\/post"}],"author":[{"embeddable":true,"href":"https:\/\/le12.ma\/fr\/wp-json\/wp\/v2\/users\/2"}],"replies":[{"embeddable":true,"href":"https:\/\/le12.ma\/fr\/wp-json\/wp\/v2\/comments?post=25692"}],"version-history":[{"count":1,"href":"https:\/\/le12.ma\/fr\/wp-json\/wp\/v2\/posts\/25692\/revisions"}],"predecessor-version":[{"id":25694,"href":"https:\/\/le12.ma\/fr\/wp-json\/wp\/v2\/posts\/25692\/revisions\/25694"}],"wp:featuredmedia":[{"embeddable":true,"href":"https:\/\/le12.ma\/fr\/wp-json\/wp\/v2\/media\/25693"}],"wp:attachment":[{"href":"https:\/\/le12.ma\/fr\/wp-json\/wp\/v2\/media?parent=25692"}],"wp:term":[{"taxonomy":"category","embeddable":true,"href":"https:\/\/le12.ma\/fr\/wp-json\/wp\/v2\/categories?post=25692"},{"taxonomy":"post_tag","embeddable":true,"href":"https:\/\/le12.ma\/fr\/wp-json\/wp\/v2\/tags?post=25692"},{"taxonomy":"yst_prominent_words","embeddable":true,"href":"https:\/\/le12.ma\/fr\/wp-json\/wp\/v2\/yst_prominent_words?post=25692"}],"curies":[{"name":"wp","href":"https:\/\/api.w.org\/{rel}","templated":true}]}}