{"id":25629,"date":"2022-06-02T14:07:49","date_gmt":"2022-06-02T13:07:49","guid":{"rendered":"https:\/\/le12.ma\/fr\/?p=25629"},"modified":"2022-06-02T14:07:49","modified_gmt":"2022-06-02T13:07:49","slug":"gazoduc-nigeria-maroc-le-nigeria-approuve-un-accord","status":"publish","type":"post","link":"https:\/\/le12.ma\/fr\/gazoduc-nigeria-maroc-le-nigeria-approuve-un-accord\/","title":{"rendered":"Gazoduc Nigeria-Maroc\u00a0: Le Nigeria approuve un accord"},"content":{"rendered":"<h4><span style=\"color: #000000;\"><strong>Le Conseil ex\u00e9cutif f\u00e9d\u00e9ral du Nigeria (FEC) a donn\u00e9 son accord pour que la Compagnie p\u00e9troli\u00e8re nationale nig\u00e9riane (<a href=\"https:\/\/le12.ma\/fr\/le-gouvernement-federal-nigerian-sapprete-a-construire-le-gazoduc-nigeria-maroc\/\">NNPC<\/a>) conclue un accord avec la Communaut\u00e9 \u00e9conomique des \u00c9tats de l\u2019Afrique de l\u2019Ouest (<a href=\"http:\/\/www.hubrural.org\/Communaute-economique-des-Etats-de.html#:~:text=La%20Communaut%C3%A9%20%C3%A9conomique%20des%20Etats,Sierra%20Leone%2C%20S%C3%A9n%C3%A9gal%2C%20Togo.\">CEDEAO<\/a>) pour la construction du gazoduc Nigeria-Maroc.<\/strong><\/span><\/h4>\n<p><strong>Le ministre d\u2019\u00c9tat nig\u00e9rian aux Ressources p\u00e9troli\u00e8res, Timipre Sylva, a r\u00e9v\u00e9l\u00e9 la conclusion de cet accord dans une d\u00e9claration \u00e0 la presse \u00e0 l\u2019issue de la r\u00e9union du FEC pr\u00e9sid\u00e9e par le vice-pr\u00e9sident Yemi Osinbajo, mercredi au palais pr\u00e9sidentiel d\u2019Abuja, rapporte l\u2019Agence nig\u00e9riane de presse (NAN).<\/strong><\/p>\n<p><strong>Sylva a d\u00e9clar\u00e9 que le projet \u00e9tait encore au stade de la conception technique pr\u00e9liminaire, indique NAN.<\/strong><\/p>\n<p><strong>\u00ab Le minist\u00e8re des Ressources p\u00e9troli\u00e8res a pr\u00e9sent\u00e9 trois notes au Conseil. Dans la premi\u00e8re note, le Conseil a approuv\u00e9 l\u2019ex\u00e9cution par la NNPC du protocole d\u2019accord avec la CEDEAO pour la construction du gazoduc Nigeria-Maroc \u00bb, ajoute la m\u00eame source.<\/strong><\/p>\n<p><strong>\u00ab Ce gazoduc doit acheminer le gaz vers plusieurs pays d\u2019Afrique de l\u2019Ouest, vers le Maroc et, \u00e0 travers le Maroc, vers l\u2019Espagne et l\u2019Europe \u00bb, pr\u00e9cise M. Sylva.<\/strong><\/p>\n<p><strong>Le gazoduc relierait le gaz nig\u00e9rian \u00e0 chaque pays c\u00f4tier d\u2019Afrique de l\u2019Ouest (B\u00e9nin, Togo, Ghana, C\u00f4te d\u2019Ivoire, Liberia, Sierra Leone, Guin\u00e9e, Guin\u00e9e-Bissau, Gambie, S\u00e9n\u00e9gal et Mauritanie), pour se terminer \u00e0 Tanger, au Maroc, et \u00e0 Cadix, en Espagne.<\/strong><\/p>\n<p><strong>Le m\u00e9ga-projet de gazoduc Nigeria-Maroc, dont l\u2019\u00e9tude de faisabilit\u00e9 a \u00e9t\u00e9 entam\u00e9e en mai 2017 avec un co\u00fbt de plusieurs milliards de dollars, avait \u00e9t\u00e9 lanc\u00e9 au cours de la visite officielle de SM le Roi Mohammed VI, en d\u00e9cembre 2016 \u00e0 Abuja, et un accord y aff\u00e9rent avait \u00e9t\u00e9 sign\u00e9, le 10 juin 2018, lors d\u2019un d\u00e9placement \u00e0 Rabat du pr\u00e9sident nig\u00e9rian, Muhammadu Buhari.<\/strong><\/p>\n","protected":false},"excerpt":{"rendered":"<p>Le Conseil ex\u00e9cutif f\u00e9d\u00e9ral du Nigeria (FEC) a donn\u00e9 son accord pour que la Compagnie p\u00e9troli\u00e8re nationale nig\u00e9riane (NNPC) conclue un accord avec la Communaut\u00e9 \u00e9conomique des \u00c9tats de l\u2019Afrique de l\u2019Ouest (CEDEAO) pour la construction du gazoduc Nigeria-Maroc. Le ministre d\u2019\u00c9tat nig\u00e9rian aux Ressources p\u00e9troli\u00e8res, Timipre Sylva, a r\u00e9v\u00e9l\u00e9 la conclusion de cet accord [&hellip;]<\/p>\n","protected":false},"author":2,"featured_media":25630,"comment_status":"open","ping_status":"open","sticky":false,"template":"","format":"standard","meta":[],"categories":[25],"tags":[8756,6981,9545],"yst_prominent_words":[100,5115,5798,2114,69,5426],"jetpack_featured_media_url":"https:\/\/le12.ma\/fr\/wp-content\/uploads\/2022\/06\/36252843-32468219.jpg","_links":{"self":[{"href":"https:\/\/le12.ma\/fr\/wp-json\/wp\/v2\/posts\/25629"}],"collection":[{"href":"https:\/\/le12.ma\/fr\/wp-json\/wp\/v2\/posts"}],"about":[{"href":"https:\/\/le12.ma\/fr\/wp-json\/wp\/v2\/types\/post"}],"author":[{"embeddable":true,"href":"https:\/\/le12.ma\/fr\/wp-json\/wp\/v2\/users\/2"}],"replies":[{"embeddable":true,"href":"https:\/\/le12.ma\/fr\/wp-json\/wp\/v2\/comments?post=25629"}],"version-history":[{"count":1,"href":"https:\/\/le12.ma\/fr\/wp-json\/wp\/v2\/posts\/25629\/revisions"}],"predecessor-version":[{"id":25631,"href":"https:\/\/le12.ma\/fr\/wp-json\/wp\/v2\/posts\/25629\/revisions\/25631"}],"wp:featuredmedia":[{"embeddable":true,"href":"https:\/\/le12.ma\/fr\/wp-json\/wp\/v2\/media\/25630"}],"wp:attachment":[{"href":"https:\/\/le12.ma\/fr\/wp-json\/wp\/v2\/media?parent=25629"}],"wp:term":[{"taxonomy":"category","embeddable":true,"href":"https:\/\/le12.ma\/fr\/wp-json\/wp\/v2\/categories?post=25629"},{"taxonomy":"post_tag","embeddable":true,"href":"https:\/\/le12.ma\/fr\/wp-json\/wp\/v2\/tags?post=25629"},{"taxonomy":"yst_prominent_words","embeddable":true,"href":"https:\/\/le12.ma\/fr\/wp-json\/wp\/v2\/yst_prominent_words?post=25629"}],"curies":[{"name":"wp","href":"https:\/\/api.w.org\/{rel}","templated":true}]}}