{"id":25390,"date":"2022-05-28T11:00:07","date_gmt":"2022-05-28T10:00:07","guid":{"rendered":"https:\/\/le12.ma\/fr\/?p=25390"},"modified":"2022-05-28T10:02:50","modified_gmt":"2022-05-28T09:02:50","slug":"la-digitalisation-un-facteur-incontestable-de-creation-demplois","status":"publish","type":"post","link":"https:\/\/le12.ma\/fr\/la-digitalisation-un-facteur-incontestable-de-creation-demplois\/","title":{"rendered":"La digitalisation, un facteur incontestable de cr\u00e9ation d\u2019emplois"},"content":{"rendered":"<h4 style=\"text-align: left;\"><span style=\"color: #000000;\"><a href=\"https:\/\/le12.ma\/fr\/akhannouch-met-en-exergue-le-succes-de-la-digitalisation-totale-des-transactions-immobilieres\/\">La digitalisation<\/a> constitue aujourd\u2019hui un facteur incontestable de cr\u00e9ation d\u2019emplois, a indiqu\u00e9, vendredi \u00e0 Casablanca, le ministre de l\u2019Industrie et du Commerce, Ryad Mezzour.<\/span><\/h4>\n<p>Intervenant lors de la premi\u00e8re conf\u00e9rence de la deuxi\u00e8me \u00e9dition de \u00ab MD Talks \u00bb, plac\u00e9e sous le th\u00e8me \u00ab la digitalisation, levier strat\u00e9gique du Nouveau Mod\u00e8le de D\u00e9veloppement \u00bb, M. Mezzour a relev\u00e9 que la p\u00e9riode d\u2019acc\u00e9l\u00e9ration digitale majeure entre 1991 et 2021 a vu la cr\u00e9ation d\u2019environ 1,2 milliard de nouveaux emplois dans le monde.<\/p>\n<p>Et d\u2019assurer que \u00ab la vraie valeur productive est d\u00e9sormais immat\u00e9rielle et issue du cerveau et de la complexit\u00e9 que d\u00e9veloppe l\u2019humain, en parall\u00e8le avec la mont\u00e9e en force de l\u2019intelligence artificielle \u00bb.<\/p>\n<p>Dans ce sillage, le capital humain au Maroc est en train de monter en gamme et en comp\u00e9tence, ce qui implique de nouvelles aspirations professionnelles et attentes exprim\u00e9es par les travailleurs, a fait valoir M. Mezzour.<\/p>\n<p>La digitalisation permet la cr\u00e9ation de la valeur, a-t-il not\u00e9, ajoutant que son d\u00e9partement a pour ambition de cr\u00e9er durant ce mandat 400.000 emplois dans le domaine de l\u2019outsourcing dont 25% ont un lien profond avec le digital.<\/p>\n<p>De son c\u00f4t\u00e9, la ministre de la Solidarit\u00e9, de l\u2019Insertion sociale et de la Famille, Aawatif Hayar, a mis en avant les efforts de digitalisation dans le secteur social, relevant que la digitalisation permet de moderniser la relation administration-citoyen et de rendre les institutions plus fortes.<\/p>\n<p>\u00ab Au niveau du minist\u00e8re, on s\u2019appuie sur cette approche. Nous sommes en train de mener une strat\u00e9gie de digitalisation du p\u00f4le social (Entraide nationale, ADS..) qui cible environ 500.000 b\u00e9n\u00e9ficiaires \u00bb, a-t-elle fait valoir.A<\/p>\n<p>Et de mettre en exergue la digitalisation en cours de l\u2019ensemble des centres de l\u2019Entraide nationale pour en faire des guichets sociaux uniques, dans le but de faciliter l\u2019acc\u00e8s des citoyens \u00e0 ces centres et d\u2019\u00eatre pris en charge par le syst\u00e8me digital.<\/p>\n<p>\u00ab Gr\u00e2ce \u00e0 la digitalisation, on va pouvoir toucher beaucoup plus de personnes et mieux r\u00e9pondre \u00e0 leurs besoins \u00bb, a fait remarquer la ministre, ajoutant que la digitalisation constitue \u00e9galement un outil de transparence extraordinaire, vu qu\u2019elle permet le suivi de l\u2019ensemble des \u00e9tapes du processus.<\/p>\n<p>Plac\u00e9e sous le Haut patronage de SM le Roi Mohammed VI, cette \u00e9dition de \u00ab MD Talks \u00bb, cycle de conf\u00e9rences de r\u00e9flexion strat\u00e9gique africaine et internationale, pr\u00e9voit deux autres conf\u00e9rences ayant pour th\u00e8me \u00ab La R\u00e9gionalisation avanc\u00e9e pour une int\u00e9gration r\u00e9gionale \u00bb et \u00ab Les \u00c9nergies renouvelables, chantier transversal au c\u0153ur du NMD \u00bb.<\/p>\n","protected":false},"excerpt":{"rendered":"<p>La digitalisation constitue aujourd\u2019hui un facteur incontestable de cr\u00e9ation d\u2019emplois, a indiqu\u00e9, vendredi \u00e0 Casablanca, le ministre de l\u2019Industrie et du Commerce, Ryad Mezzour. Intervenant lors de la premi\u00e8re conf\u00e9rence de la deuxi\u00e8me \u00e9dition de \u00ab MD Talks \u00bb, plac\u00e9e sous le th\u00e8me \u00ab la digitalisation, levier strat\u00e9gique du Nouveau Mod\u00e8le de D\u00e9veloppement \u00bb, M. [&hellip;]<\/p>\n","protected":false},"author":2,"featured_media":25391,"comment_status":"open","ping_status":"open","sticky":false,"template":"","format":"standard","meta":[],"categories":[25],"tags":[8318,9472],"yst_prominent_words":[257,193,1215,1497,4800,2080],"jetpack_featured_media_url":"https:\/\/le12.ma\/fr\/wp-content\/uploads\/2022\/05\/mezzour-md-talks.jpg","_links":{"self":[{"href":"https:\/\/le12.ma\/fr\/wp-json\/wp\/v2\/posts\/25390"}],"collection":[{"href":"https:\/\/le12.ma\/fr\/wp-json\/wp\/v2\/posts"}],"about":[{"href":"https:\/\/le12.ma\/fr\/wp-json\/wp\/v2\/types\/post"}],"author":[{"embeddable":true,"href":"https:\/\/le12.ma\/fr\/wp-json\/wp\/v2\/users\/2"}],"replies":[{"embeddable":true,"href":"https:\/\/le12.ma\/fr\/wp-json\/wp\/v2\/comments?post=25390"}],"version-history":[{"count":2,"href":"https:\/\/le12.ma\/fr\/wp-json\/wp\/v2\/posts\/25390\/revisions"}],"predecessor-version":[{"id":25393,"href":"https:\/\/le12.ma\/fr\/wp-json\/wp\/v2\/posts\/25390\/revisions\/25393"}],"wp:featuredmedia":[{"embeddable":true,"href":"https:\/\/le12.ma\/fr\/wp-json\/wp\/v2\/media\/25391"}],"wp:attachment":[{"href":"https:\/\/le12.ma\/fr\/wp-json\/wp\/v2\/media?parent=25390"}],"wp:term":[{"taxonomy":"category","embeddable":true,"href":"https:\/\/le12.ma\/fr\/wp-json\/wp\/v2\/categories?post=25390"},{"taxonomy":"post_tag","embeddable":true,"href":"https:\/\/le12.ma\/fr\/wp-json\/wp\/v2\/tags?post=25390"},{"taxonomy":"yst_prominent_words","embeddable":true,"href":"https:\/\/le12.ma\/fr\/wp-json\/wp\/v2\/yst_prominent_words?post=25390"}],"curies":[{"name":"wp","href":"https:\/\/api.w.org\/{rel}","templated":true}]}}