{"id":25378,"date":"2022-05-27T20:58:08","date_gmt":"2022-05-27T19:58:08","guid":{"rendered":"https:\/\/le12.ma\/fr\/?p=25378"},"modified":"2022-05-27T21:25:42","modified_gmt":"2022-05-27T20:25:42","slug":"la-medaille-dargent-de-lencouragement-public-a-karima-ammari","status":"publish","type":"post","link":"https:\/\/le12.ma\/fr\/la-medaille-dargent-de-lencouragement-public-a-karima-ammari\/","title":{"rendered":"la m\u00e9daille d\u2019argent de L\u2019Encouragement Public  \u00e0 Karima Ammari"},"content":{"rendered":"<h4><em><strong><span style=\"-webkit-text-size-adjust: 100%;\">\u00a0<\/span><\/strong><\/em><\/h4>\n<h4><strong><em><span class=\"s1\">Tr\u00e8s \u00e9mue, Mme Karima Ammari a indiqu\u00e9 qu\u2019elle a \u00e9t\u00e9 tr\u00e8s sensible \u00e0 l\u2019honneur qui lui a \u00e9t\u00e9 fait, surtout que la c\u00e9r\u00e9monie de remise des insignes de la m\u00e9daille d\u2019argent<\/span><\/em><\/strong><\/h4>\n<p class=\"p1\"><strong style=\"color: #333333; font-size: 14px; -webkit-text-size-adjust: 100%;\">Les activit\u00e9s culturelles et artistiques \u00e0 Rabat se suivent et ne se ressemblent pas. En tant que ville Lumi\u00e8res et capitale marocaine de la Culture, elle a r\u00e9cemment connu l&rsquo;organisation d&rsquo;un \u00e9v\u00e9nement tout \u00e0 fait particulier.<\/strong><\/p>\n<p class=\"p2\"><strong><span class=\"s1\">La Galerie les Beaux-Arts situ\u00e9e aux Oudayas, dans l&rsquo;enceinte de l&rsquo;ancienne repr\u00e9sentation diplomatique de France du XVIII\u00e8me \u00a0 si\u00e8cle, a abrit\u00e9 la c\u00e9r\u00e9monie de remise des insignes de la m\u00e9daille d\u2019argent de \u00ab\u00a0L\u2019Encouragement Public\u00a0\u00bb \u00e0 Mme Karima Ammari.<br \/>\nCette distinction honorifique lui a \u00e9t\u00e9 d\u00e9cern\u00e9e par Madame Nicole Bedel, secr\u00e9taire g\u00e9n\u00e9rale de l&rsquo;\u00a0\u00ab\u00a0Association L\u2019encouragement Public\u00a0\u00bb, venue tout sp\u00e9cialement de France, \u00e0 cette effet. Cette d\u00e9coration est consid\u00e9r\u00e9e comme un geste de reconnaissance \u00e0 une femme tr\u00e8s impliqu\u00e9e dans le domaine culturel et associatif. En effet, Mme Ammari a longtemps \u0153uvr\u00e9 pour le rapprochement culturel et social entre la communaut\u00e9 fran\u00e7aise r\u00e9sidante \u00e0 K\u00e9nitra et les acteurs culturels et sociaux de la cit\u00e9 des marguerites et d\u2019autres villes du Royaume.<\/span><\/strong><\/p>\n<p class=\"p2\"><strong><span class=\"s1\">Dans son allocution de circonstance, la secr\u00e9taire g\u00e9n\u00e9rale de l\u2019\u00a0\u00ab\u00a0Association L\u2019encouragement Public\u00a0\u00bb a salu\u00e9 les efforts inlassables men\u00e9es par Mme Karima Ammari, en sa qualit\u00e9 de responsable d\u2019\u00eelot la liaison avec le consulat g\u00e9n\u00e9ral de France \u00e0 Rabat, dans les domaines li\u00e9s \u00e0 la culture et aux activit\u00e9s solidaires.<br \/>\nElle a soulign\u00e9, \u00e0 cet \u00e9gard, que la m\u00e9daille d\u2019argent est remise \u00e0 des personnalit\u00e9s ayant rendu de louables services dans les domaines social, culturel et solidaire. En effet, et comme l\u2019a soulign\u00e9 M. Michel Boyer, de l\u2019universit\u00e9 internationale de Rabat, \u00ab\u00a0gr\u00e2ce \u00e0 son \u00a0altruisme et \u00e0 sa g\u00e9n\u00e9rosit\u00e9, Mme Ammari est tr\u00e8s appr\u00e9ci\u00e9e par la communaut\u00e9 fran\u00e7aise de K\u00e9nitra et jouit d\u2019une grande estime aupr\u00e8s des responsables marocains concern\u00e9s et des autorit\u00e9s consulaires fran\u00e7aises.<\/span><\/strong><\/p>\n<p class=\"p2\"><strong><span class=\"s1\">Tr\u00e8s \u00e9mue, Mme Karima Ammari a indiqu\u00e9 qu\u2019elle a \u00e9t\u00e9 tr\u00e8s sensible \u00e0 l\u2019honneur qui lui a \u00e9t\u00e9 fait, surtout que la c\u00e9r\u00e9monie de remise des insignes de la m\u00e9daille d\u2019argent s\u2019est tenue \u00e0 la galerie \u00ab\u00a0Les Beaux-Arts\u00a0\u00bb de Rabat, un lieu, indique-t-elle, qui lui est tr\u00e8s cher et qui lui rappelle de tr\u00e8s bons souvenirs en tant qu\u2019ancienne directrice de cet espace charg\u00e9 d\u2019Histoire.<\/span><\/strong><\/p>\n<p class=\"p2\"><strong><span class=\"s1\">A noter que cet \u00e9v\u00e9nement festif a \u00e9t\u00e9 organis\u00e9 en collaboration avec l\u2019Association marocaine\u00a0<\/span><\/strong><span style=\"-webkit-text-size-adjust: 100%;\"><b>pour la coop\u00e9ration<\/b><\/span><strong style=\"-webkit-text-size-adjust: 100%;\"><span class=\"s1\">\u00a0et d\u2019amiti\u00e9 entre les Peuples\u00a0(AMCAP) et s\u2019est d\u00e9roul\u00e9 en pr\u00e9sence de personnalit\u00e9s publiques et diplomatiques, parmi lesquelles des ambassadeurs de Chine, du Tchad et de Pologne, du premier conseiller de <a href=\"https:\/\/le12.ma\/fr\/rabat-conference-de-presse-de-lambassade-du-kazakhstan\/\">l\u2019ambassade du Kazakhstan<\/a>.<\/span><\/strong><\/p>\n","protected":false},"excerpt":{"rendered":"<p>\u00a0 Tr\u00e8s \u00e9mue, Mme Karima Ammari a indiqu\u00e9 qu\u2019elle a \u00e9t\u00e9 tr\u00e8s sensible \u00e0 l\u2019honneur qui lui a \u00e9t\u00e9 fait, surtout que la c\u00e9r\u00e9monie de remise des insignes de la m\u00e9daille d\u2019argent Les activit\u00e9s culturelles et artistiques \u00e0 Rabat se suivent et ne se ressemblent pas. En tant que ville Lumi\u00e8res et capitale marocaine de [&hellip;]<\/p>\n","protected":false},"author":2,"featured_media":25379,"comment_status":"open","ping_status":"open","sticky":false,"template":"","format":"standard","meta":[],"categories":[9442,31,54],"tags":[],"yst_prominent_words":[],"jetpack_featured_media_url":"https:\/\/le12.ma\/fr\/wp-content\/uploads\/2022\/05\/52E4918A-9A81-43F5-83DF-311FC666C916.jpeg","_links":{"self":[{"href":"https:\/\/le12.ma\/fr\/wp-json\/wp\/v2\/posts\/25378"}],"collection":[{"href":"https:\/\/le12.ma\/fr\/wp-json\/wp\/v2\/posts"}],"about":[{"href":"https:\/\/le12.ma\/fr\/wp-json\/wp\/v2\/types\/post"}],"author":[{"embeddable":true,"href":"https:\/\/le12.ma\/fr\/wp-json\/wp\/v2\/users\/2"}],"replies":[{"embeddable":true,"href":"https:\/\/le12.ma\/fr\/wp-json\/wp\/v2\/comments?post=25378"}],"version-history":[{"count":5,"href":"https:\/\/le12.ma\/fr\/wp-json\/wp\/v2\/posts\/25378\/revisions"}],"predecessor-version":[{"id":25384,"href":"https:\/\/le12.ma\/fr\/wp-json\/wp\/v2\/posts\/25378\/revisions\/25384"}],"wp:featuredmedia":[{"embeddable":true,"href":"https:\/\/le12.ma\/fr\/wp-json\/wp\/v2\/media\/25379"}],"wp:attachment":[{"href":"https:\/\/le12.ma\/fr\/wp-json\/wp\/v2\/media?parent=25378"}],"wp:term":[{"taxonomy":"category","embeddable":true,"href":"https:\/\/le12.ma\/fr\/wp-json\/wp\/v2\/categories?post=25378"},{"taxonomy":"post_tag","embeddable":true,"href":"https:\/\/le12.ma\/fr\/wp-json\/wp\/v2\/tags?post=25378"},{"taxonomy":"yst_prominent_words","embeddable":true,"href":"https:\/\/le12.ma\/fr\/wp-json\/wp\/v2\/yst_prominent_words?post=25378"}],"curies":[{"name":"wp","href":"https:\/\/api.w.org\/{rel}","templated":true}]}}