{"id":25352,"date":"2022-05-27T13:00:46","date_gmt":"2022-05-27T12:00:46","guid":{"rendered":"https:\/\/le12.ma\/fr\/?p=25352"},"modified":"2022-05-27T02:14:08","modified_gmt":"2022-05-27T01:14:08","slug":"une-semaine-consacree-au-createur-de-mode-alphadi-du","status":"publish","type":"post","link":"https:\/\/le12.ma\/fr\/une-semaine-consacree-au-createur-de-mode-alphadi-du\/","title":{"rendered":"Une semaine consacr\u00e9e au cr\u00e9ateur de mode Alphadi du 1er au 7 juin \u00e0 Casablanca"},"content":{"rendered":"<h4><span style=\"color: #000000;\"><strong>Alphadi, le cr\u00e9ateur de mode nig\u00e9rien pr\u00e9sentera le 1er juin la r\u00e9\u00e9dition de son ouvrage \u00ab FIMA, 20 ans de mode en Afrique \u00bb au Papers Club \u00e0 <a href=\"https:\/\/le12.ma\/fr\/ouverture-la-bourse-de-casablanca-demarre-ce-lundi-en-baisse\/\">Casablanca,<\/a> entour\u00e9 d\u2019un parterre d\u2019invit\u00e9s issus des univers de la mode, du design et de l\u2019art.<\/strong><\/span><\/h4>\n<p><strong>Le lancement de cette semaine d\u00e9di\u00e9e au cr\u00e9ateur africain \u00e0 la renomm\u00e9e internationale, qui se trouve \u00eatre par ailleurs artiste pour la paix de l\u2019Unesco, sera suivi d\u2019un \u00e9change sur l\u2019avenir de la mode en Afrique, anim\u00e9 par le designer franco-marocain Hicham Lahlou, indique un communiqu\u00e9 des organisateurs.<\/strong><\/p>\n<p><strong>Le Papers Club vibrera durant toute cette semaine aux couleurs de l\u2019Afrique autour de l\u2019exposition-vente de ses cr\u00e9ations (v\u00eatements, accessoires\u2026) et de la vente en \u00e9dition limit\u00e9e de son ouvrage \u00ab FIMA, 20 ans de mode en Afrique \u00bb.<\/strong><\/p>\n<p><strong>Le lancement de cette semaine riche en couleurs sera diffus\u00e9 en direct sur la page Facebook du FIMA.<\/strong><\/p>\n<p><strong>La premi\u00e8re \u00e9dition du Festival international de la mode en Afrique (Fima) a d\u00e9marr\u00e9 dans le d\u00e9sert du Tiguidit pr\u00e8s d\u2019Agadez au Niger en 1998. Pour son vingti\u00e8me anniversaire, Alphadi, le fondateur du FIMA l\u2019avait organis\u00e9 \u00e0 Dakhla au Maroc pour rendre hommage \u00e0 l\u2019Union africaine, en mettant en avant les valeurs v\u00e9hicul\u00e9es par le festival, \u00e0 savoir la paix, la culture et le d\u00e9veloppement.<\/strong><\/p>\n<p><strong>\u00a0<\/strong><\/p>\n","protected":false},"excerpt":{"rendered":"<p>Alphadi, le cr\u00e9ateur de mode nig\u00e9rien pr\u00e9sentera le 1er juin la r\u00e9\u00e9dition de son ouvrage \u00ab FIMA, 20 ans de mode en Afrique \u00bb au Papers Club \u00e0 Casablanca, entour\u00e9 d\u2019un parterre d\u2019invit\u00e9s issus des univers de la mode, du design et de l\u2019art. Le lancement de cette semaine d\u00e9di\u00e9e au cr\u00e9ateur africain \u00e0 la [&hellip;]<\/p>\n","protected":false},"author":2,"featured_media":25353,"comment_status":"open","ping_status":"open","sticky":false,"template":"","format":"standard","meta":[],"categories":[31,25],"tags":[9460,6232,9461],"yst_prominent_words":[3830,179,919,1011],"jetpack_featured_media_url":"https:\/\/le12.ma\/fr\/wp-content\/uploads\/2022\/05\/Sans-titre-71.jpg","_links":{"self":[{"href":"https:\/\/le12.ma\/fr\/wp-json\/wp\/v2\/posts\/25352"}],"collection":[{"href":"https:\/\/le12.ma\/fr\/wp-json\/wp\/v2\/posts"}],"about":[{"href":"https:\/\/le12.ma\/fr\/wp-json\/wp\/v2\/types\/post"}],"author":[{"embeddable":true,"href":"https:\/\/le12.ma\/fr\/wp-json\/wp\/v2\/users\/2"}],"replies":[{"embeddable":true,"href":"https:\/\/le12.ma\/fr\/wp-json\/wp\/v2\/comments?post=25352"}],"version-history":[{"count":1,"href":"https:\/\/le12.ma\/fr\/wp-json\/wp\/v2\/posts\/25352\/revisions"}],"predecessor-version":[{"id":25354,"href":"https:\/\/le12.ma\/fr\/wp-json\/wp\/v2\/posts\/25352\/revisions\/25354"}],"wp:featuredmedia":[{"embeddable":true,"href":"https:\/\/le12.ma\/fr\/wp-json\/wp\/v2\/media\/25353"}],"wp:attachment":[{"href":"https:\/\/le12.ma\/fr\/wp-json\/wp\/v2\/media?parent=25352"}],"wp:term":[{"taxonomy":"category","embeddable":true,"href":"https:\/\/le12.ma\/fr\/wp-json\/wp\/v2\/categories?post=25352"},{"taxonomy":"post_tag","embeddable":true,"href":"https:\/\/le12.ma\/fr\/wp-json\/wp\/v2\/tags?post=25352"},{"taxonomy":"yst_prominent_words","embeddable":true,"href":"https:\/\/le12.ma\/fr\/wp-json\/wp\/v2\/yst_prominent_words?post=25352"}],"curies":[{"name":"wp","href":"https:\/\/api.w.org\/{rel}","templated":true}]}}