{"id":25305,"date":"2022-05-26T10:51:19","date_gmt":"2022-05-26T09:51:19","guid":{"rendered":"https:\/\/le12.ma\/fr\/?p=25305"},"modified":"2022-05-26T10:51:19","modified_gmt":"2022-05-26T09:51:19","slug":"maroc-fashion-week-du-2-au-4-juin-a-marrakech","status":"publish","type":"post","link":"https:\/\/le12.ma\/fr\/maroc-fashion-week-du-2-au-4-juin-a-marrakech\/","title":{"rendered":"Maroc Fashion Week, du 2 au 4 juin \u00e0 Marrakech"},"content":{"rendered":"<h4><span style=\"color: #000000;\"><strong><a href=\"https:\/\/www.arabnews.fr\/node\/110846\/culture\">Maroc Fashion Week<\/a> se tiendra du 02 au 04 juin 2022 \u00e0 Marrakech, \u00e0 l\u2019initiative de l\u2019Oriental Fashion Show (OFS), en partenariat avec l\u2019h\u00f4tel Mandarin Oriental Marrakech.<\/strong><\/span><\/h4>\n<p><strong>\u00ab Apr\u00e8s Paris et Milan, l\u2019Oriental Fashion Show met le cap sur Marrakech. Pour sa 46\u00e8 \u00e9dition, Oriental Fashion Show collabore pour la deuxi\u00e8me fois avec Mandarin Oriental, Marrakech et organisent ensemble la premi\u00e8re \u00e9dition de la Maroc Fashion Week \u00bb, indiquent les organisateurs dans un communiqu\u00e9.<\/strong><\/p>\n<p><strong>Une \u00e9dition qui se d\u00e9roulera sur 3 jours et accueillera plus de 20 maisons de Couture, Caftans et pr\u00eat-\u00e0-porter de diff\u00e9rentes nationalit\u00e9s. Au programme, d\u00e9fil\u00e9 de mode, conf\u00e9rences de presse, workshops et soir\u00e9es cocktail.<\/strong><\/p>\n<p><strong>Choisie pour sa notori\u00e9t\u00e9 internationale, Marrakech est la ville la plus repr\u00e9sentative de la mode et de la cr\u00e9ativit\u00e9 au Maroc. Une ville o\u00f9 se c\u00f4toient le pass\u00e9 et le pr\u00e9sent sur fond d\u2019art de vivre et de savoir-faire artisanal uniques, Marrakech ouvrira ses portes pour la premi\u00e8re Fashion Week internationale de la mode qui sera organis\u00e9e par le Mandarin Oriental Marrakech, et l\u2019Oriental Fashion Show.<\/strong><\/p>\n<p><strong>Le temps d\u2019un week-end, la ville ocre redeviendra une capitale internationale de la mode comme elle le fut dans le pass\u00e9 pour bon nombre d\u2019ic\u00f4nes de ce milieu.<\/strong><\/p>\n<p><strong>Maroc Fashion Week vous invite \u00e0 venir d\u00e9couvrir la ville ocre pour faire des rencontres enchanteresses et d\u00e9couvrir une nouvelle exp\u00e9rience o\u00f9 se conjuguent mode, art, culture, patrimoine et cr\u00e9ation artistique.<\/strong><\/p>\n<p><strong>Un \u00ab Red Carpet \u00bb fera \u00e9galement partie du programme et rayonnera gr\u00e2ce \u00e0 la pr\u00e9sence de nombreuses c\u00e9l\u00e9brit\u00e9s venues d\u2019Europe et du Moyen Orient, parmi elles\u00a0: Leila Aziz, Dorra Zrouk, Farrah El Dibany lojain Omran, Mahira Abdelaziz\u2026<\/strong><\/p>\n<p><strong>Depuis 15 ans, l\u2019OFS organise des d\u00e9fil\u00e9s de grande envergure dans les plus belles capitales du monde. Leader dans la mode orientale et incubateur de talents au-del\u00e0 des fronti\u00e8res, l\u2019OFS ne cesse d\u2019innover, de se d\u00e9velopper\u2026 et de faire r\u00eaver.<\/strong><\/p>\n<p><strong>Pour sa 46\u00e8me \u00e9dition, l\u2019Oriental Fashion Show lance avec le Mandarin Oriental Marrakech, la Maroc Fashion Week. Ils ont convi\u00e9 une presse sp\u00e9cialis\u00e9e venue de Paris, Milan, Londres Duba\u00ef et du Maroc.<\/strong><\/p>\n<p><strong>Toujours soucieux de rendre hommage au patrimoine touristique du Maroc, cet \u00e9v\u00e9nement est un formidable levier de d\u00e9veloppement \u00e9conomique pour le tourisme et pour celui de l\u2019industrie de la mode.<\/strong><\/p>\n<p><strong>D\u2019autres h\u00f4tels de luxe \u00e0 Marrakech tels que le Fairmont Royal Palm h\u00f4tel et le riad La Brillante ont, \u00e9galement, ouvert leurs portes \u00e0 l\u2019Oriental Fashion Show pour cr\u00e9er une symbiose parfaite entre le monde de la mode, l\u2019h\u00f4tellerie et celui de la gastronomie marocaine.<\/strong><\/p>\n<p><strong>La marque de luxe TOUIL s\u2019est \u00e9galement associ\u00e9e \u00e0 cette 46\u00e8me \u00e9dition de l\u2019OFS pour offrir une touche de douceur sucr\u00e9e aux fines bouches, ainsi que Europcar, ISDIN, Al Sagheer group, Visaonska, le pavillon de la Casbah, Topmodel of universe et 8skyprocuction.<\/strong><\/p>\n<p><strong>Pour la partie m\u00e9dias, L\u2019Oriental Fashion Show s\u2019est associ\u00e9 \u00e0 la premi\u00e8re cha\u00eene de mode Fashion Channel, et \u00e0 la plateforme My Luxury Life, premi\u00e8re plateforme d\u2019influence au Maroc d\u00e9di\u00e9e aux marques de luxe.<\/strong><\/p>\n<p><strong>L\u2019OFS partage les m\u00eames valeurs d\u2019excellence et de perfection avec ses diff\u00e9rents partenaires durablement.<\/strong><\/p>\n","protected":false},"excerpt":{"rendered":"<p>Maroc Fashion Week se tiendra du 02 au 04 juin 2022 \u00e0 Marrakech, \u00e0 l\u2019initiative de l\u2019Oriental Fashion Show (OFS), en partenariat avec l\u2019h\u00f4tel Mandarin Oriental Marrakech. \u00ab Apr\u00e8s Paris et Milan, l\u2019Oriental Fashion Show met le cap sur Marrakech. Pour sa 46\u00e8 \u00e9dition, Oriental Fashion Show collabore pour la deuxi\u00e8me fois avec Mandarin Oriental, [&hellip;]<\/p>\n","protected":false},"author":2,"featured_media":25306,"comment_status":"open","ping_status":"open","sticky":false,"template":"","format":"standard","meta":[],"categories":[9442,31],"tags":[9447,5276,8292],"yst_prominent_words":[3296,69,3058],"jetpack_featured_media_url":"https:\/\/le12.ma\/fr\/wp-content\/uploads\/2022\/05\/Sans-titre-32.jpg","_links":{"self":[{"href":"https:\/\/le12.ma\/fr\/wp-json\/wp\/v2\/posts\/25305"}],"collection":[{"href":"https:\/\/le12.ma\/fr\/wp-json\/wp\/v2\/posts"}],"about":[{"href":"https:\/\/le12.ma\/fr\/wp-json\/wp\/v2\/types\/post"}],"author":[{"embeddable":true,"href":"https:\/\/le12.ma\/fr\/wp-json\/wp\/v2\/users\/2"}],"replies":[{"embeddable":true,"href":"https:\/\/le12.ma\/fr\/wp-json\/wp\/v2\/comments?post=25305"}],"version-history":[{"count":1,"href":"https:\/\/le12.ma\/fr\/wp-json\/wp\/v2\/posts\/25305\/revisions"}],"predecessor-version":[{"id":25307,"href":"https:\/\/le12.ma\/fr\/wp-json\/wp\/v2\/posts\/25305\/revisions\/25307"}],"wp:featuredmedia":[{"embeddable":true,"href":"https:\/\/le12.ma\/fr\/wp-json\/wp\/v2\/media\/25306"}],"wp:attachment":[{"href":"https:\/\/le12.ma\/fr\/wp-json\/wp\/v2\/media?parent=25305"}],"wp:term":[{"taxonomy":"category","embeddable":true,"href":"https:\/\/le12.ma\/fr\/wp-json\/wp\/v2\/categories?post=25305"},{"taxonomy":"post_tag","embeddable":true,"href":"https:\/\/le12.ma\/fr\/wp-json\/wp\/v2\/tags?post=25305"},{"taxonomy":"yst_prominent_words","embeddable":true,"href":"https:\/\/le12.ma\/fr\/wp-json\/wp\/v2\/yst_prominent_words?post=25305"}],"curies":[{"name":"wp","href":"https:\/\/api.w.org\/{rel}","templated":true}]}}