{"id":25246,"date":"2022-05-25T10:49:52","date_gmt":"2022-05-25T09:49:52","guid":{"rendered":"https:\/\/le12.ma\/fr\/?p=25246"},"modified":"2022-05-25T10:49:52","modified_gmt":"2022-05-25T09:49:52","slug":"vernissage-a-madrid-de-lexposition-autour-des-colonnes-dhercule-les-relations-millenaires-entre-le-maroc-et-lespagne","status":"publish","type":"post","link":"https:\/\/le12.ma\/fr\/vernissage-a-madrid-de-lexposition-autour-des-colonnes-dhercule-les-relations-millenaires-entre-le-maroc-et-lespagne\/","title":{"rendered":"Vernissage \u00e0 Madrid de l\u2019exposition \u201cAutour des colonnes d\u2019Hercule. Les relations mill\u00e9naires entre le Maroc et l\u2019Espagne\u201d"},"content":{"rendered":"<h4><span style=\"color: #000000;\"><strong><a href=\"https:\/\/le12.ma\/fr\/casablanca-vernissage-de-lexposition-the-silent-mirror-du-plasticien-mbarek-bouhchichi\/\">Le vernissage<\/a> de l\u2019exposition in\u00e9dite \u201cAutour des colonnes d\u2019Hercule. Les relations mill\u00e9naires entre le Maroc et l\u2019Espagne\u201d, organis\u00e9e au mus\u00e9e arch\u00e9ologique national de Madrid par la <a href=\"https:\/\/fnm.ma\/\">Fondation nationale des Mus\u00e9es (FNM)<\/a>, a eu lieu, mardi soir, en pr\u00e9sence de hautes personnalit\u00e9s politiques et du gotha de l\u2019art et de la culture en Espagne.<\/strong><\/span><\/h4>\n<p><strong>Cette c\u00e9r\u00e9monie s\u2019est d\u00e9roul\u00e9e en pr\u00e9sence, notamment, du c\u00f4t\u00e9 espagnol, du ministre de la Culture et des Sports, Miquel Iceta, de la secr\u00e9taire d\u2019Etat aux Affaires \u00e9trang\u00e8res et globales, Angeles Moreno, du directeur du Mus\u00e9e arch\u00e9ologique national, Andr\u00e8s Carretero, du pr\u00e9sident de Action Culturelle Espagnole, Jos\u00e9 Andr\u00e8s Torres Mora, et de l\u2019ambassadeur d\u2019Espagne au Maroc, Ricardo D\u00edez-Hochleitner, et du c\u00f4t\u00e9 marocain, de l\u2019ambassadeur du Maroc en Espagne, Karima Benyaich, du pr\u00e9sident de la Fondation nationale des Mus\u00e9es (FNM), Mehdi Qotbi, et du directeur du Mus\u00e9e Mohammed VI d\u2019Art Moderne et Contemporain (MMVI), Abdelaziz El Idrissi, commissaire de l\u2019exposition.<\/strong><\/p>\n<p><strong>Organis\u00e9e sous le Haut Patronage de SM le Roi Mohammed VI et de SM le Roi Felipe VI d\u2019Espagne, l\u2019exposition met sous les feux de la rampe le volet historique et patrimonial du partenariat ancestral entre les deux Royaumes \u00e0 travers des \u0153uvres et des artefacts qui sont expos\u00e9s pour la premi\u00e8re fois.<\/strong><\/p>\n<p><strong>Cette exposition donne \u00e0 voir une s\u00e9lection riche et diversifi\u00e9e de 335 objets et biens culturels \u2013 dont des \u0153uvres provenant des collections de la FNM, rarement expos\u00e9es en dehors du Maroc, des collections du Mus\u00e9e arch\u00e9ologique national espagnol et un objet du Mus\u00e9e national del Prado.<\/strong><\/p>\n<p><strong>Con\u00e7u en six grandes parties th\u00e9matiques \u00e9troitement li\u00e9es, le parcours invite le visiteur \u00e0 d\u00e9couvrir progressivement l\u2019\u00e9volution des relations entre les deux pays, d\u2019abord \u00e9tablies sans aucune structure d\u2019Etat.<\/strong><\/p>\n<p><strong>Les visiteurs de cette exposition, ouverte au public du 25 mai au 16 octobre au Mus\u00e9e arch\u00e9ologique national de Madrid, naviguent ensuite dans un parcours au contexte culturel et religieux, des colonisations ph\u00e9niciennes et puniques \u00e0 l\u2019Empire Romain, en passant par l\u2019expansion islamique.<\/strong><\/p>\n<p><strong>L\u2019exposition met en lumi\u00e8re les liens de voisinage entre le Maroc et l\u2019Espagne et r\u00e9v\u00e8le cette histoire mill\u00e9naire et conjointe entre les deux Royaumes s\u00e9par\u00e9s par la M\u00e9diterran\u00e9e et situ\u00e9s chacun sur une rive du d\u00e9troit de Gibraltar.<\/strong><\/p>\n<p><strong>\u201cAutour des Colonnes d\u2019Hercule. Les relations mill\u00e9naires entre le Maroc et l\u2019Espagne\u201d t\u00e9moigne de la richesse d\u2019un patrimoine \u00e0 la fois singulier et commun et souligne la reconnaissance mutuelle entre ces deux pays aux perspectives communes.<\/strong><\/p>\n<p><strong>L\u2019exposition est aussi l\u2019occasion d\u2019aborder la collaboration scientifique entre le Maroc et l\u2019Espagne dans le domaine de l\u2019arch\u00e9ologie.<\/strong><\/p>\n","protected":false},"excerpt":{"rendered":"<p>Le vernissage de l\u2019exposition in\u00e9dite \u201cAutour des colonnes d\u2019Hercule. Les relations mill\u00e9naires entre le Maroc et l\u2019Espagne\u201d, organis\u00e9e au mus\u00e9e arch\u00e9ologique national de Madrid par la Fondation nationale des Mus\u00e9es (FNM), a eu lieu, mardi soir, en pr\u00e9sence de hautes personnalit\u00e9s politiques et du gotha de l\u2019art et de la culture en Espagne. Cette c\u00e9r\u00e9monie [&hellip;]<\/p>\n","protected":false},"author":2,"featured_media":25247,"comment_status":"open","ping_status":"open","sticky":false,"template":"","format":"standard","meta":[],"categories":[31],"tags":[9425,9426],"yst_prominent_words":[1456,1453,1104,1512],"jetpack_featured_media_url":"https:\/\/le12.ma\/fr\/wp-content\/uploads\/2022\/05\/BEN_karima.jpg","_links":{"self":[{"href":"https:\/\/le12.ma\/fr\/wp-json\/wp\/v2\/posts\/25246"}],"collection":[{"href":"https:\/\/le12.ma\/fr\/wp-json\/wp\/v2\/posts"}],"about":[{"href":"https:\/\/le12.ma\/fr\/wp-json\/wp\/v2\/types\/post"}],"author":[{"embeddable":true,"href":"https:\/\/le12.ma\/fr\/wp-json\/wp\/v2\/users\/2"}],"replies":[{"embeddable":true,"href":"https:\/\/le12.ma\/fr\/wp-json\/wp\/v2\/comments?post=25246"}],"version-history":[{"count":1,"href":"https:\/\/le12.ma\/fr\/wp-json\/wp\/v2\/posts\/25246\/revisions"}],"predecessor-version":[{"id":25248,"href":"https:\/\/le12.ma\/fr\/wp-json\/wp\/v2\/posts\/25246\/revisions\/25248"}],"wp:featuredmedia":[{"embeddable":true,"href":"https:\/\/le12.ma\/fr\/wp-json\/wp\/v2\/media\/25247"}],"wp:attachment":[{"href":"https:\/\/le12.ma\/fr\/wp-json\/wp\/v2\/media?parent=25246"}],"wp:term":[{"taxonomy":"category","embeddable":true,"href":"https:\/\/le12.ma\/fr\/wp-json\/wp\/v2\/categories?post=25246"},{"taxonomy":"post_tag","embeddable":true,"href":"https:\/\/le12.ma\/fr\/wp-json\/wp\/v2\/tags?post=25246"},{"taxonomy":"yst_prominent_words","embeddable":true,"href":"https:\/\/le12.ma\/fr\/wp-json\/wp\/v2\/yst_prominent_words?post=25246"}],"curies":[{"name":"wp","href":"https:\/\/api.w.org\/{rel}","templated":true}]}}