{"id":25139,"date":"2022-05-23T16:49:50","date_gmt":"2022-05-23T15:49:50","guid":{"rendered":"https:\/\/le12.ma\/fr\/?p=25139"},"modified":"2022-05-23T16:49:50","modified_gmt":"2022-05-23T15:49:50","slug":"tetouan-le-musicien-emirati-ali-obaid-recoit-le-pr","status":"publish","type":"post","link":"https:\/\/le12.ma\/fr\/tetouan-le-musicien-emirati-ali-obaid-recoit-le-pr\/","title":{"rendered":"T\u00e9touan : Le musicien \u00e9mirati Ali Obaid re\u00e7oit le prix \u00ab Ziryab des virtuoses \u00bb en cl\u00f4ture du Festival international de luth"},"content":{"rendered":"<h4><span style=\"color: #000000;\"><strong>Le rideau est tomb\u00e9, dimanche soir au cin\u00e9ma l<a href=\"https:\/\/le12.ma\/fr\/benzema-premier-francais-a-etre-sacre-meilleur-buteur-du-championnat-espagnol\/\">\u2019Espanol<\/a> de T\u00e9touan, sur la 23\u00e8me \u00e9dition du Festival international de luth avec la remise du prix \u00ab Ziryab des virtuoses 2022 \u00bb au musicien \u00e9mirati, Ali Obaid.<\/strong><\/span><\/h4>\n<p><strong>Ce prix, d\u00e9cern\u00e9 par le Conseil international de la musique (Maison de l\u2019UNESCO), en coordination avec le minist\u00e8re de la Jeunesse, de la Culture et de la Communication, a \u00e9t\u00e9 attribu\u00e9 au grand luthiste \u00e9mirati, Ali Obaid, DG de l\u2019Acad\u00e9mie des beaux arts de Fujairah, en reconnaissance \u00e0 sa cr\u00e9ativit\u00e9 et son exp\u00e9rience musicale in\u00e9dite.<\/strong><\/p>\n<p><strong>Le public du festival, organis\u00e9 par le minist\u00e8re de la Jeunesse, de la culture et de la communication, sous le Haut patronage de SM le Roi Mohammed VI, a \u00e9t\u00e9 ainsi \u00e9bloui par le talent et la performance exceptionnelle du groupe \u00e9mirati de Ali Obaid, qui a interpr\u00e9t\u00e9 de nouvelles \u0153uvres musicales locales, et d\u2019autres aux rythmes marocains.<\/strong><\/p>\n<p><strong>Il a \u00e9t\u00e9 aussi compl\u00e8tement conquis par le sens de cr\u00e9ativit\u00e9 et la performance in\u00e9dite du groupe de l\u2019artiste Abdelilah Mesouab de T\u00e9touan, le temps d\u2019un voyage dans un univers empreint d\u2019\u00e9l\u00e9gance et d\u2019\u00e9motion.<\/strong><\/p>\n<p><strong>Dans une allocution au nom du Conseil national de la musique au Maroc, Wafaa Bennani a soulign\u00e9 que cette \u00e9dition offre un nouveau voyage du prix \u00ab Ziryab des virtuoses \u00bb, qui a d\u00e9barqu\u00e9 cette ann\u00e9e aux Emirats arabes unis, au profit du cr\u00e9ateur et \u00e9minent artiste Ali Obaid.<\/strong><\/p>\n<p><strong>\u00ab Malgr\u00e9 le d\u00e9c\u00e8s de l\u2019artiste Hassan M\u00e9gri (le cr\u00e9ateur de ce prix), son \u00e2me est toujours pr\u00e9sente parmi nous et son v\u0153u a \u00e9t\u00e9 exauc\u00e9, puisqu\u2019il a laiss\u00e9 le prix Ziryab entre de bonnes mains \u00bb, a-t-elle dit, notant que ce festival est toujours un succ\u00e8s, en raison de la fid\u00e9lit\u00e9 d\u2019un public averti au go\u00fbt raffin\u00e9.<\/strong><\/p>\n<p><strong>\u00a0L\u2019artiste \u00e9mirati, Ali Obeid, a indiqu\u00e9 que ce Festival est l\u2019un des \u00e9v\u00e9nements marquants qui a donn\u00e9 au luth la place qui lui revient en tant qu\u2019instrument de musique \u00e0 part enti\u00e8re, notant que le prix \u00ab Ziryab des virtuoses \u00bb marque un tournant dans sa carri\u00e8re artistique, puisqu\u2019il constitue l\u2019un des prix les plus importants d\u00e9cern\u00e9s aux luthistes.<\/strong><\/p>\n<p><strong>Cette \u00e9dition, organis\u00e9e en partenariat avec la province de T\u00e9touan et la commune urbaine de la ville, a \u00e9t\u00e9 marqu\u00e9e par des exp\u00e9riences musicales distingu\u00e9es du Liban, de la Jordanie, de la Turquie, des \u00c9mirats arabes unis et du Maroc, qui se sont r\u00e9unies sur la sc\u00e8ne du th\u00e9\u00e2tre l\u2019Espanol, afin de promouvoir l\u2019image d\u2019un Maroc ouvert sur les diff\u00e9rentes cultures et civilisations.<\/strong><\/p>\n<p><strong>Le festival a \u00e9t\u00e9 ponctu\u00e9 \u00e9galement par l\u2019organisation de rencontres avec plusieurs artistes participant \u00e0 cette \u00e9dition, et le vernissage de l\u2019exposition collective \u00ab Le tissu des couleurs \u00bb<\/strong><\/p>\n","protected":false},"excerpt":{"rendered":"<p>Le rideau est tomb\u00e9, dimanche soir au cin\u00e9ma l\u2019Espanol de T\u00e9touan, sur la 23\u00e8me \u00e9dition du Festival international de luth avec la remise du prix \u00ab Ziryab des virtuoses 2022 \u00bb au musicien \u00e9mirati, Ali Obaid. Ce prix, d\u00e9cern\u00e9 par le Conseil international de la musique (Maison de l\u2019UNESCO), en coordination avec le minist\u00e8re de [&hellip;]<\/p>\n","protected":false},"author":2,"featured_media":25140,"comment_status":"open","ping_status":"open","sticky":false,"template":"","format":"standard","meta":[],"categories":[31],"tags":[9372,9374,9373],"yst_prominent_words":[2857,257,457,3369,2115],"jetpack_featured_media_url":"https:\/\/le12.ma\/fr\/wp-content\/uploads\/2022\/05\/Festival-Oud1.jpg","_links":{"self":[{"href":"https:\/\/le12.ma\/fr\/wp-json\/wp\/v2\/posts\/25139"}],"collection":[{"href":"https:\/\/le12.ma\/fr\/wp-json\/wp\/v2\/posts"}],"about":[{"href":"https:\/\/le12.ma\/fr\/wp-json\/wp\/v2\/types\/post"}],"author":[{"embeddable":true,"href":"https:\/\/le12.ma\/fr\/wp-json\/wp\/v2\/users\/2"}],"replies":[{"embeddable":true,"href":"https:\/\/le12.ma\/fr\/wp-json\/wp\/v2\/comments?post=25139"}],"version-history":[{"count":1,"href":"https:\/\/le12.ma\/fr\/wp-json\/wp\/v2\/posts\/25139\/revisions"}],"predecessor-version":[{"id":25141,"href":"https:\/\/le12.ma\/fr\/wp-json\/wp\/v2\/posts\/25139\/revisions\/25141"}],"wp:featuredmedia":[{"embeddable":true,"href":"https:\/\/le12.ma\/fr\/wp-json\/wp\/v2\/media\/25140"}],"wp:attachment":[{"href":"https:\/\/le12.ma\/fr\/wp-json\/wp\/v2\/media?parent=25139"}],"wp:term":[{"taxonomy":"category","embeddable":true,"href":"https:\/\/le12.ma\/fr\/wp-json\/wp\/v2\/categories?post=25139"},{"taxonomy":"post_tag","embeddable":true,"href":"https:\/\/le12.ma\/fr\/wp-json\/wp\/v2\/tags?post=25139"},{"taxonomy":"yst_prominent_words","embeddable":true,"href":"https:\/\/le12.ma\/fr\/wp-json\/wp\/v2\/yst_prominent_words?post=25139"}],"curies":[{"name":"wp","href":"https:\/\/api.w.org\/{rel}","templated":true}]}}