{"id":25080,"date":"2022-05-23T12:45:18","date_gmt":"2022-05-23T11:45:18","guid":{"rendered":"https:\/\/le12.ma\/fr\/?p=25080"},"modified":"2022-05-23T11:05:44","modified_gmt":"2022-05-23T10:05:44","slug":"beni-mellal-enquete-judiciaire-suite-a-lusage-par-un-policier-de-larme-de-service-en-dehors-des-horaires-de-travail","status":"publish","type":"post","link":"https:\/\/le12.ma\/fr\/beni-mellal-enquete-judiciaire-suite-a-lusage-par-un-policier-de-larme-de-service-en-dehors-des-horaires-de-travail\/","title":{"rendered":"B\u00e9ni Mellal : enqu\u00eate judiciaire suite \u00e0 l\u2019usage par un policier de l\u2019arme de service en dehors des horaires de travail"},"content":{"rendered":"<h4><span style=\"color: #000000;\"><strong>Le service pr\u00e9fectoral de la <a href=\"https:\/\/le12.ma\/fr\/responsable-la-saisie-de-plus-de-2-tonnes-de-chira-a-casablanca-une-operation-denvergure-du-service-prefectoral-de-la-police-judiciaire\/\">police<\/a> judiciaire de <a href=\"https:\/\/fr.wikipedia.org\/wiki\/B%C3%A9ni_Mellal\">B\u00e9ni Mellal<\/a> a ouvert, aux premi\u00e8res heures de dimanche, une enqu\u00eate judiciaire sous la supervision du parquet comp\u00e9tent pour d\u00e9terminer les circonstances dans lesquelles un fonctionnaire de police a fait usage de son arme de service en dehors des horaires de travail, blessant une personne \u00e2g\u00e9e de 19 ans au niveau des membres sup\u00e9rieurs.<\/strong><\/span><\/h4>\n<p><strong>Selon les donn\u00e9es pr\u00e9liminaires, la personne bless\u00e9e se trouvait en compagnie de quatre autres individus pr\u00e8s du domicile du policier au quartier \u201cChraibi\u201d \u00e0 B\u00e9ni Mellal, indique un communiqu\u00e9 de la Direction g\u00e9n\u00e9rale de la s\u00fbret\u00e9 nationale (DGSN).<\/strong><\/p>\n<p><strong>Un conflit a \u00e9clat\u00e9 entre le policier et ces personnes suite au tapage nocturne qu\u2019elles ont caus\u00e9 en raison de leur \u00e9tat second, avant que le policier n\u2019utilise l\u2019arme individuelle mis \u00e0 sa disposition pour les besoins de ses fonctions et ne tire une balle qui a touch\u00e9 l\u2019un des individus en question, pr\u00e9cise la m\u00eame source.<\/strong><\/p>\n<p><strong>La personne bless\u00e9e a \u00e9t\u00e9 transf\u00e9r\u00e9e au Centre hospitalier universitaire de Casablanca pour recevoir les soins n\u00e9cessaires, alors que le fonctionnaire de police et le reste des individus ont \u00e9t\u00e9 plac\u00e9s en garde \u00e0 vue, \u00e0 l\u2019exception d\u2019un mineur qui a \u00e9t\u00e9 plac\u00e9 sous surveillance, dans le cadre de l\u2019enqu\u00eate judiciaire ordonn\u00e9e par le parquet comp\u00e9tent en vue d\u2019\u00e9lucider les tenants et aboutissants de cette affaire et de d\u00e9m\u00ealer les circonstances de l\u2019usage de l\u2019arme de service, conclut le communiqu\u00e9.<\/strong><\/p>\n","protected":false},"excerpt":{"rendered":"<p>Le service pr\u00e9fectoral de la police judiciaire de B\u00e9ni Mellal a ouvert, aux premi\u00e8res heures de dimanche, une enqu\u00eate judiciaire sous la supervision du parquet comp\u00e9tent pour d\u00e9terminer les circonstances dans lesquelles un fonctionnaire de police a fait usage de son arme de service en dehors des horaires de travail, blessant une personne \u00e2g\u00e9e de [&hellip;]<\/p>\n","protected":false},"author":2,"featured_media":25081,"comment_status":"open","ping_status":"open","sticky":false,"template":"","format":"standard","meta":[],"categories":[22,9268,24],"tags":[7884,9346,6741],"yst_prominent_words":[3401,955,145,1395,3953,2928,3403,4579,1394,1386,649,3398,1053,1505],"jetpack_featured_media_url":"https:\/\/le12.ma\/fr\/wp-content\/uploads\/2022\/05\/La-strategie-payante-de-la-DGSN-b.jpg","_links":{"self":[{"href":"https:\/\/le12.ma\/fr\/wp-json\/wp\/v2\/posts\/25080"}],"collection":[{"href":"https:\/\/le12.ma\/fr\/wp-json\/wp\/v2\/posts"}],"about":[{"href":"https:\/\/le12.ma\/fr\/wp-json\/wp\/v2\/types\/post"}],"author":[{"embeddable":true,"href":"https:\/\/le12.ma\/fr\/wp-json\/wp\/v2\/users\/2"}],"replies":[{"embeddable":true,"href":"https:\/\/le12.ma\/fr\/wp-json\/wp\/v2\/comments?post=25080"}],"version-history":[{"count":1,"href":"https:\/\/le12.ma\/fr\/wp-json\/wp\/v2\/posts\/25080\/revisions"}],"predecessor-version":[{"id":25082,"href":"https:\/\/le12.ma\/fr\/wp-json\/wp\/v2\/posts\/25080\/revisions\/25082"}],"wp:featuredmedia":[{"embeddable":true,"href":"https:\/\/le12.ma\/fr\/wp-json\/wp\/v2\/media\/25081"}],"wp:attachment":[{"href":"https:\/\/le12.ma\/fr\/wp-json\/wp\/v2\/media?parent=25080"}],"wp:term":[{"taxonomy":"category","embeddable":true,"href":"https:\/\/le12.ma\/fr\/wp-json\/wp\/v2\/categories?post=25080"},{"taxonomy":"post_tag","embeddable":true,"href":"https:\/\/le12.ma\/fr\/wp-json\/wp\/v2\/tags?post=25080"},{"taxonomy":"yst_prominent_words","embeddable":true,"href":"https:\/\/le12.ma\/fr\/wp-json\/wp\/v2\/yst_prominent_words?post=25080"}],"curies":[{"name":"wp","href":"https:\/\/api.w.org\/{rel}","templated":true}]}}