{"id":25015,"date":"2022-05-21T13:30:22","date_gmt":"2022-05-21T12:30:22","guid":{"rendered":"https:\/\/le12.ma\/fr\/?p=25015"},"modified":"2022-05-21T11:47:51","modified_gmt":"2022-05-21T10:47:51","slug":"conakry-le-maroc-present-a-la-1ere-edition-du-salon-international-de-la-culture","status":"publish","type":"post","link":"https:\/\/le12.ma\/fr\/conakry-le-maroc-present-a-la-1ere-edition-du-salon-international-de-la-culture\/","title":{"rendered":"Conakry : le Maroc pr\u00e9sent \u00e0 la 1\u00e8re \u00e9dition du Salon international de la Culture"},"content":{"rendered":"<p><strong><a href=\"https:\/\/le12.ma\/fr\/bensaid-la-majorite-des-monuments-beneficient-de-programmes-de-restauration\/\">Mohamed Mehdi Bensaid,<\/a> ministre de la jeunesse, de la culture et de la communication, a \u00e9t\u00e9 repr\u00e9sent\u00e9 par le Secr\u00e9taire G\u00e9n\u00e9ral du D\u00e9partement de la culture au Minist\u00e8re de la jeunesse, de la culture et de la communication, M. Abdel-ilah Afifi, \u00e0 la 1\u00e8re \u00e9dition du Salon international de la Culture, du Tourisme et de l\u2019Artisanat <a href=\"https:\/\/www.sicta.sgs.com\/\">(SICTA<\/a>), qui se tient \u00e0 Conakry, en Guin\u00e9e.<\/strong><\/p>\n","protected":false},"excerpt":{"rendered":"<p>Mohamed Mehdi Bensaid, ministre de la jeunesse, de la culture et de la communication, a \u00e9t\u00e9 repr\u00e9sent\u00e9 par le Secr\u00e9taire G\u00e9n\u00e9ral du D\u00e9partement de la culture au Minist\u00e8re de la jeunesse, de la culture et de la communication, M. Abdel-ilah Afifi, \u00e0 la 1\u00e8re \u00e9dition du Salon international de la Culture, du Tourisme et de [&hellip;]<\/p>\n","protected":false},"author":2,"featured_media":25017,"comment_status":"open","ping_status":"open","sticky":false,"template":"","format":"standard","meta":[],"categories":[31,33,1],"tags":[6943,9324,6721,7727],"yst_prominent_words":[583,3716],"jetpack_featured_media_url":"https:\/\/le12.ma\/fr\/wp-content\/uploads\/2022\/05\/Abdel-ilah-Afifi.jpg","_links":{"self":[{"href":"https:\/\/le12.ma\/fr\/wp-json\/wp\/v2\/posts\/25015"}],"collection":[{"href":"https:\/\/le12.ma\/fr\/wp-json\/wp\/v2\/posts"}],"about":[{"href":"https:\/\/le12.ma\/fr\/wp-json\/wp\/v2\/types\/post"}],"author":[{"embeddable":true,"href":"https:\/\/le12.ma\/fr\/wp-json\/wp\/v2\/users\/2"}],"replies":[{"embeddable":true,"href":"https:\/\/le12.ma\/fr\/wp-json\/wp\/v2\/comments?post=25015"}],"version-history":[{"count":2,"href":"https:\/\/le12.ma\/fr\/wp-json\/wp\/v2\/posts\/25015\/revisions"}],"predecessor-version":[{"id":25018,"href":"https:\/\/le12.ma\/fr\/wp-json\/wp\/v2\/posts\/25015\/revisions\/25018"}],"wp:featuredmedia":[{"embeddable":true,"href":"https:\/\/le12.ma\/fr\/wp-json\/wp\/v2\/media\/25017"}],"wp:attachment":[{"href":"https:\/\/le12.ma\/fr\/wp-json\/wp\/v2\/media?parent=25015"}],"wp:term":[{"taxonomy":"category","embeddable":true,"href":"https:\/\/le12.ma\/fr\/wp-json\/wp\/v2\/categories?post=25015"},{"taxonomy":"post_tag","embeddable":true,"href":"https:\/\/le12.ma\/fr\/wp-json\/wp\/v2\/tags?post=25015"},{"taxonomy":"yst_prominent_words","embeddable":true,"href":"https:\/\/le12.ma\/fr\/wp-json\/wp\/v2\/yst_prominent_words?post=25015"}],"curies":[{"name":"wp","href":"https:\/\/api.w.org\/{rel}","templated":true}]}}