{"id":24982,"date":"2022-05-20T20:05:08","date_gmt":"2022-05-20T19:05:08","guid":{"rendered":"https:\/\/le12.ma\/fr\/?p=24982"},"modified":"2022-05-20T16:40:58","modified_gmt":"2022-05-20T15:40:58","slug":"la-26eme-edition-du-festival-de-fes-des-musiques-sacrees-du-monde-presentee-a-madrid","status":"publish","type":"post","link":"https:\/\/le12.ma\/fr\/la-26eme-edition-du-festival-de-fes-des-musiques-sacrees-du-monde-presentee-a-madrid\/","title":{"rendered":"La 26\u00e8me \u00e9dition du Festival de F\u00e8s des Musiques Sacr\u00e9es du Monde Pr\u00e9sent\u00e9e \u00e0 Madrid"},"content":{"rendered":"<h4><span style=\"color: #000000;\"><strong>La 26\u00e8me \u00e9dition du <a href=\"https:\/\/le12.ma\/fr\/ouverture-en-ligne-du-festival-de-fes-de-la-culture-soufie\/\">Festival de F\u00e8s des Musiques Sacr\u00e9es du Monde<\/a>, qui se tiendra du 09 au 12 juin, a \u00e9t\u00e9 pr\u00e9sent\u00e9e, jeudi soir \u00e0 Madrid, lors d\u2019une c\u00e9r\u00e9monie qui s\u2019est d\u00e9roul\u00e9e devant un parterre de personnalit\u00e9s du monde de la politique, de la culture, du sport, des m\u00e9dias et des arts.<\/strong><\/span><\/h4>\n<p><strong>La pr\u00e9sentation de cette nouvelle \u00e9dition du festival de F\u00e8s, qui a eu lieu \u00e0 la r\u00e9sidence du Royaume dans la capitale espagnole, a connu \u00e9galement la pr\u00e9sence de plusieurs comp\u00e9tences marocaines ayant brill\u00e9 dans leurs domaines d\u2019activit\u00e9 en<a href=\"https:\/\/www.google.com\/search?q=Espagne&amp;oq=Espagne&amp;aqs=chrome..69i57j46i512j0i512l3j69i61j69i60l2.1117j0j7&amp;sourceid=chrome&amp;ie=UTF-8\"> Espagne<\/a>.<\/strong><\/p>\n<p><strong>Initi\u00e9e sous le th\u00e8me de \u201cL\u2019Architecture et le Sacr\u00e9\u201d, cette nouvelle \u00e9dition du Festival offrira un voyage \u00e0 travers le monde et le temps pour explorer comment les hommes de toutes les religions ont utilis\u00e9 et magnifi\u00e9 l\u2019architecture afin d\u2019exprimer leur qu\u00eate du sacr\u00e9.<\/strong><\/p>\n<p><strong>Elle conna\u00eetra la participation d\u2019une pl\u00e9iade d\u2019artistes et de groupes musicaux venus des quatre coins de la plan\u00e8te pour un dialogue interculturel et spirituel.<\/strong><\/p>\n<p><strong>Pr\u00e9sentant cet \u00e9v\u00e8nement, le pr\u00e9sident de la Fondation Esprit de F\u00e8s, organisatrice du Festival, Abderrafie Zouitene, a soulign\u00e9 que le programme de cette \u00e9dition verra la pr\u00e9sence de troupes artistiques en provenance de plus de 15 pays et commencera par une cr\u00e9ation \u00e0 l\u2019ouverture qui fera voyager les festivaliers de F\u00e8s \u00e0 J\u00e9rusalem en passant par le Tibet, le Taj Mahal, la cath\u00e9drale de Notre Dame de Paris pour finir \u00e0 Casablanca avec la Grande Mosqu\u00e9e Hassan II.<\/strong><\/p>\n<p><strong>Le Forum de F\u00e8s du 11 juin, qui verra la participation de plusieurs intervenants nationaux et \u00e9trangers de renom autour de la th\u00e9matique \u201cL\u2019Architecture et le Sacr\u00e9 \u00bb, sera l\u2019un des moments forts de cet \u00e9v\u00e8nement.<\/strong><\/p>\n<p><strong>A travers ce Festival, la Fondation Esprit de F\u00e8s apporte sa modeste contribution \u00e0 la connaissance des cultures et au rapprochement des peuples, a ajout\u00e9 M. Zouitene, rappelant que le Maroc donne bien l\u2019exemple, tout au long de son histoire, avec l\u2019\u00e9dification de magnifiques lieux de cultes et de savoir tels que la grande mosqu\u00e9e Hassan II, l\u2019universit\u00e9 Qaraouiyine, la mosqu\u00e9e de Taza et celle de Tinmel.<\/strong><\/p>\n<p><strong>Ces lieux, a-t-il dit, ont permis de fa\u00e7onner cet esprit de tol\u00e9rance et d\u2019ouverture caract\u00e9ristiques du Maroc, faisant valoir que se sont ces valeurs de tol\u00e9rance, de paix, de dialogue des cultures et des religions qui font la richesse du patrimoine mat\u00e9riel et immat\u00e9riel du Maroc que la Fondation Esprit de F\u00e8s contribue, par ses actions, \u00e0 faire rayonner \u00e0 l\u2019international.<\/strong><\/p>\n<p><strong>L\u2019Espagne et le Maroc sont deux pays amis, tr\u00e8s proches par la g\u00e9ographie, l\u2019histoire et la culture qui constitue un des meilleurs moyens pour renforcer les liens bilat\u00e9raux, a-t-il martel\u00e9.<\/strong><\/p>\n<p><strong>Dans le m\u00eame contexte, l\u2019ambassadeur du Maroc en Espagne, Karima Benyaich a indiqu\u00e9 que cette c\u00e9r\u00e9monie constitue \u00ab une nouveaut\u00e9 renouvel\u00e9e dans l\u2019agenda culturel du Maroc en Espagne marquant avant tout une occasion de mettre en exergue l\u2019esprit du renouveau qui caract\u00e9rise aujourd\u2019hui les relations maroco-espagnoles\u00bb, ajoutant que les relations bilat\u00e9rales entament une nouvelle \u00e9tape pour l\u2019\u00e9dification d\u2019un partenariat bilat\u00e9ral renouvel\u00e9, \u00e0 la hauteur des d\u00e9fis mais \u00e9galement des opportunit\u00e9s offertes par le 21\u00e8me si\u00e8cle.<\/strong><\/p>\n<p><strong>\u00ab Aujourd\u2019hui, conform\u00e9ment \u00e0 cette nouvelle donne, le Maroc entend aller de l\u2019avant dans la mise en \u0153uvre de ce processus vertueux en identifiant tous les moyens propres \u00e0 conf\u00e9rer \u00e0 ce partenariat une base sereine, p\u00e9renne et un caract\u00e8re op\u00e9rationnel qui viendra renforcer les relations bilat\u00e9rales et cr\u00e9er des synergies mutuellement profitables \u00bb, a relev\u00e9 Mme Banyaich.<\/strong><\/p>\n<p><strong>Dans ce sens, la diplomate marocaine a fait observer que cette relation \u00ab si forte et indispensable (\u2026) exige de nos deux pays que nous sachions partager davantage nos cultures, que notre dialogue se nourrisse de celui des penseurs, des artistes, et de notre jeunesse pour que nos deux peuples soient inspir\u00e9s par des r\u00eaves et des aspirations voisines \u00bb.<\/strong><\/p>\n<p><strong>\u00ab C\u2019est \u00e0 la jeunesse et la culture de nos deux pays que nous devons confier la t\u00e2che de poursuivre la construction de cette relation strat\u00e9gique dans la diversit\u00e9 et l\u2019\u00e9change \u00bb, a insist\u00e9 Mme Benyaich, notant que cette rencontre \u00ab nous offre donc l\u2019occasion d\u2019initier \u00e9galement un cycle exceptionnel d\u2019\u00e9v\u00e9nements culturels qui placera l\u2019histoire commune que partagent nos deux pays, la cr\u00e9ation sous toutes ses formes et la jeunesse, au c\u0153ur de la relation maroco-espagnole, dans les mois \u00e0 venir \u00bb.<\/strong><\/p>\n<p><strong>\u00ab C\u2019est un message au monde, un message d\u2019attachement \u00e0 la diversit\u00e9 que le Maroc sous la conduite \u00e9clair\u00e9e de SM le Roi Mohammed VI souhaite transmettre \u00e0 travers l\u2019organisation d\u2019un tel \u00e9v\u00e9nement, qui s\u2019inscrit depuis 28 ans dans la tradition artistique et spirituelle de la ville de F\u00e8s \u00bb, a conclu l\u2019ambassadeur.<\/strong><\/p>\n<p><strong>Cette rencontre a \u00e9t\u00e9 marqu\u00e9e par la projection d\u2019un film sur le Festival de F\u00e8s des musiques sacr\u00e9es du monde et une prestation de l\u2019artiste marocain Marouane Hajji et la troupe espagnole de flamenco \u201cJesus M\u00e9ndez\u201d qui ont invit\u00e9 l\u2019assistance \u00e0 un voyage musical qui abolit les fronti\u00e8res \u00e0 travers une fusion de sonorit\u00e9s de flamenco et de musique arabo-andalouse.<\/strong><\/p>\n","protected":false},"excerpt":{"rendered":"<p>La 26\u00e8me \u00e9dition du Festival de F\u00e8s des Musiques Sacr\u00e9es du Monde, qui se tiendra du 09 au 12 juin, a \u00e9t\u00e9 pr\u00e9sent\u00e9e, jeudi soir \u00e0 Madrid, lors d\u2019une c\u00e9r\u00e9monie qui s\u2019est d\u00e9roul\u00e9e devant un parterre de personnalit\u00e9s du monde de la politique, de la culture, du sport, des m\u00e9dias et des arts. La pr\u00e9sentation [&hellip;]<\/p>\n","protected":false},"author":2,"featured_media":24988,"comment_status":"open","ping_status":"open","sticky":false,"template":"","format":"standard","meta":[],"categories":[31],"tags":[6315,6440,9311],"yst_prominent_words":[1503,4431,4422],"jetpack_featured_media_url":"https:\/\/le12.ma\/fr\/wp-content\/uploads\/2022\/05\/omar-hilale-onu.jpg","_links":{"self":[{"href":"https:\/\/le12.ma\/fr\/wp-json\/wp\/v2\/posts\/24982"}],"collection":[{"href":"https:\/\/le12.ma\/fr\/wp-json\/wp\/v2\/posts"}],"about":[{"href":"https:\/\/le12.ma\/fr\/wp-json\/wp\/v2\/types\/post"}],"author":[{"embeddable":true,"href":"https:\/\/le12.ma\/fr\/wp-json\/wp\/v2\/users\/2"}],"replies":[{"embeddable":true,"href":"https:\/\/le12.ma\/fr\/wp-json\/wp\/v2\/comments?post=24982"}],"version-history":[{"count":1,"href":"https:\/\/le12.ma\/fr\/wp-json\/wp\/v2\/posts\/24982\/revisions"}],"predecessor-version":[{"id":24984,"href":"https:\/\/le12.ma\/fr\/wp-json\/wp\/v2\/posts\/24982\/revisions\/24984"}],"wp:featuredmedia":[{"embeddable":true,"href":"https:\/\/le12.ma\/fr\/wp-json\/wp\/v2\/media\/24988"}],"wp:attachment":[{"href":"https:\/\/le12.ma\/fr\/wp-json\/wp\/v2\/media?parent=24982"}],"wp:term":[{"taxonomy":"category","embeddable":true,"href":"https:\/\/le12.ma\/fr\/wp-json\/wp\/v2\/categories?post=24982"},{"taxonomy":"post_tag","embeddable":true,"href":"https:\/\/le12.ma\/fr\/wp-json\/wp\/v2\/tags?post=24982"},{"taxonomy":"yst_prominent_words","embeddable":true,"href":"https:\/\/le12.ma\/fr\/wp-json\/wp\/v2\/yst_prominent_words?post=24982"}],"curies":[{"name":"wp","href":"https:\/\/api.w.org\/{rel}","templated":true}]}}