{"id":24969,"date":"2022-05-20T13:06:38","date_gmt":"2022-05-20T12:06:38","guid":{"rendered":"https:\/\/le12.ma\/fr\/?p=24969"},"modified":"2022-05-20T13:06:38","modified_gmt":"2022-05-20T12:06:38","slug":"lamma-rend-hommage-a-lamitie-maroc-espagne-a-travers-la-musique","status":"publish","type":"post","link":"https:\/\/le12.ma\/fr\/lamma-rend-hommage-a-lamitie-maroc-espagne-a-travers-la-musique\/","title":{"rendered":"L&rsquo;AMMA rend hommage \u00e0 l\u2019amiti\u00e9 Maroc-Espagne \u00e0 travers la musique"},"content":{"rendered":"<h4><span style=\"color: #000000;\"><strong>L&rsquo;AMMA <\/strong><\/span><span style=\"color: #000000;\"><strong>(L\u2019<a href=\"https:\/\/le12.ma\/fr\/le-maroc-a-lhonneur-a-la-diplomatie-des-merveilles-a-sofia\/\">Association Marocaine de la Musique Andalouse<\/a>) organise, le 28 mai au Palais du M\u00e9chouar \u00e0 Casablanca, une manifestation d\u2019envergure sous le th\u00e8me \u201cLa Musique Andalouse : passerelle culturelle entre le Maroc et l\u2019<a href=\"https:\/\/fr.wikipedia.org\/wiki\/Espagne\">Espagne<\/a>\u201d.<\/strong><\/span><\/h4>\n<p><strong>\u201cDans la continuit\u00e9 de son engagement, l\u2019AMMA rend hommage \u00e0 l\u2019amiti\u00e9 Maroc-Espagne. Une amiti\u00e9 enracin\u00e9e et sinc\u00e8re, fortifi\u00e9e par des liens historiques entre deux monarchies s\u00e9culaires, et raviv\u00e9e par la volont\u00e9 des deux peuples\u201d, indique l\u2019Association dans un communiqu\u00e9.<\/strong><\/p>\n<p><strong>Lors de cette manifestation, organis\u00e9e en partenariat avec Wecasablanca et l\u2019Ambassade d\u2019Espagne au Maroc, \u201cartistes marocains et ib\u00e9riques c\u00e9l\u00e8breront ensemble leur amour de la musique andalouse pour partager leur passion avec le public\u201d, souligne l\u2019Association.<\/strong><\/p>\n<p><strong>Depuis sa cr\u00e9ation, l\u2019AMMA \u0153uvre activement \u00e0 promouvoir le dialogue des cultures et des religions entre les diff\u00e9rentes civilisations. Un engagement citoyen que l\u2019Association mat\u00e9rialise par l\u2019organisation d\u2019une vari\u00e9t\u00e9 de manifestations musico-culturelles plac\u00e9es sous l\u2019\u00e9gide du minist\u00e8re de la Jeunesse, de la Culture et de la Communication.<\/strong><\/p>\n<p><strong>Pr\u00f4nant des valeurs de tol\u00e9rance et de partage, l\u2019AMMA s\u2019inscrit dans une dynamique vertueuse visant \u00e0 cr\u00e9er des passerelles culturelles entre le Maroc et le reste du monde, particuli\u00e8rement gr\u00e2ce \u00e0 la Musique \u2013 langage universel qui unit les peuples de la Terre, dans une communion spirituelle qui c\u00e9l\u00e8bre l\u2019Humanit\u00e9.<\/strong><\/p>\n<p><strong>Madrid, S\u00e9ville, Tanger et Tetouan s\u2019inviteront \u00e0 Casablanca l\u2019espace d\u2019une soir\u00e9e aux couleurs du Maroc et de l\u2019Espagne. Anim\u00e9e par l\u2019Orchestre Rawafid de Tanger, dirig\u00e9 par le grand ma\u00eetre Omar Metioui, cette manifestation culturelle ravira ses convives par un r\u00e9pertoire riche et diversifi\u00e9 de musique andalouse, Chkara, Flamenco, ainsi que de nouvelles compositions cr\u00e9\u00e9es sp\u00e9cialement pour ce spectacle. Avec la pr\u00e9sence d\u2019artistes renomm\u00e9s tels que Gema Caballero, Zainab Afailal, Sara Calero, Omar Jaydi, Jos\u00e9 Almarcha et \u00c9pi Pacheco.<\/strong><\/p>\n<p><strong>\u201dDe par les valeurs qu\u2019elle v\u00e9hicule, la musique andalouse repr\u00e9sente le vecteur id\u00e9al pour c\u00e9l\u00e9brer l\u2019amiti\u00e9 entre deux monarchies s\u00e9culaires unies par une histoire commune et, en tant qu\u2019association culturelle, l\u2019Association Marocaine de la Musique Andalouse, l\u2019AMMA, est fi\u00e8re de contribuer \u00e0 ce rapprochement entre des peuples fr\u00e8res\u201d D\u00e9clare Fatima Mabchour, Pr\u00e9sidente Fondatrice de l\u2019AMMA.<\/strong><\/p>\n<p><strong>L\u2019AMMA est une association qui, malgr\u00e9 son jeune \u00e2ge, est tr\u00e8s active dans la promotion de la diversit\u00e9 et de la richesse de la musique andalouse marocaine, ses composantes et ses d\u00e9riv\u00e9es. Un engagement qui s\u2019exprime \u00e0 travers de multitudes initiatives destin\u00e9es \u00e0 pr\u00e9server le patrimoine culturel, spirituel et civilisationnel du Maroc.<\/strong><\/p>\n<p><strong>Fond\u00e9e au plus fort de la crise sanitaire et de ses r\u00e9percussions qui ont boulevers\u00e9 le monde entier, l\u2019AMMA s\u2019est \u00e9vertu\u00e9e \u00e0 apporter lumi\u00e8re et espoir en l\u2019avenir gr\u00e2ce \u00e0 la musique pendant des temps tumultueux. L\u2019AMMA s\u2019est distingu\u00e9e en organisant des manifestations musico-culturelles de haute facture, la cr\u00e9ation et la multiplication de chorales, orchestres andalous et festivals, aussi bien au Maroc qu\u2019\u00e0 l\u2019\u00e9tranger.<\/strong><\/p>\n","protected":false},"excerpt":{"rendered":"<p>L&rsquo;AMMA (L\u2019Association Marocaine de la Musique Andalouse) organise, le 28 mai au Palais du M\u00e9chouar \u00e0 Casablanca, une manifestation d\u2019envergure sous le th\u00e8me \u201cLa Musique Andalouse : passerelle culturelle entre le Maroc et l\u2019Espagne\u201d. \u201cDans la continuit\u00e9 de son engagement, l\u2019AMMA rend hommage \u00e0 l\u2019amiti\u00e9 Maroc-Espagne. Une amiti\u00e9 enracin\u00e9e et sinc\u00e8re, fortifi\u00e9e par des liens [&hellip;]<\/p>\n","protected":false},"author":2,"featured_media":24970,"comment_status":"open","ping_status":"open","sticky":false,"template":"","format":"standard","meta":[],"categories":[31],"tags":[9303,657,9302],"yst_prominent_words":[80,261,259,69,244],"jetpack_featured_media_url":"https:\/\/le12.ma\/fr\/wp-content\/uploads\/2022\/05\/musique-andalous.jpg","_links":{"self":[{"href":"https:\/\/le12.ma\/fr\/wp-json\/wp\/v2\/posts\/24969"}],"collection":[{"href":"https:\/\/le12.ma\/fr\/wp-json\/wp\/v2\/posts"}],"about":[{"href":"https:\/\/le12.ma\/fr\/wp-json\/wp\/v2\/types\/post"}],"author":[{"embeddable":true,"href":"https:\/\/le12.ma\/fr\/wp-json\/wp\/v2\/users\/2"}],"replies":[{"embeddable":true,"href":"https:\/\/le12.ma\/fr\/wp-json\/wp\/v2\/comments?post=24969"}],"version-history":[{"count":1,"href":"https:\/\/le12.ma\/fr\/wp-json\/wp\/v2\/posts\/24969\/revisions"}],"predecessor-version":[{"id":24971,"href":"https:\/\/le12.ma\/fr\/wp-json\/wp\/v2\/posts\/24969\/revisions\/24971"}],"wp:featuredmedia":[{"embeddable":true,"href":"https:\/\/le12.ma\/fr\/wp-json\/wp\/v2\/media\/24970"}],"wp:attachment":[{"href":"https:\/\/le12.ma\/fr\/wp-json\/wp\/v2\/media?parent=24969"}],"wp:term":[{"taxonomy":"category","embeddable":true,"href":"https:\/\/le12.ma\/fr\/wp-json\/wp\/v2\/categories?post=24969"},{"taxonomy":"post_tag","embeddable":true,"href":"https:\/\/le12.ma\/fr\/wp-json\/wp\/v2\/tags?post=24969"},{"taxonomy":"yst_prominent_words","embeddable":true,"href":"https:\/\/le12.ma\/fr\/wp-json\/wp\/v2\/yst_prominent_words?post=24969"}],"curies":[{"name":"wp","href":"https:\/\/api.w.org\/{rel}","templated":true}]}}