{"id":24891,"date":"2022-05-19T13:22:29","date_gmt":"2022-05-19T12:22:29","guid":{"rendered":"https:\/\/le12.ma\/fr\/?p=24891"},"modified":"2022-05-19T13:22:29","modified_gmt":"2022-05-19T12:22:29","slug":"al-akhawayn-organise-le-8eme-confere","status":"publish","type":"post","link":"https:\/\/le12.ma\/fr\/al-akhawayn-organise-le-8eme-confere\/","title":{"rendered":"Al Akhawayn : organise le 8\u00e8me Conf\u00e9rence Internationale Annuelle"},"content":{"rendered":"<p><strong><a href=\"https:\/\/le12.ma\/fr\/les-enseignements-a-distance-de-luniversite-al-akhawayn-accredites-par-lagence-americaine-neche\/\">Al Akhawayn<\/a> organisera, du 28 au 29 mai, la 8\u00e8me Conf\u00e9rence Internationale Annuelle sur les Sciences Sociales, en collaboration avec l\u2019institut Konrad-Adenauer-Stiftung, sous le th\u00e8me \u201c<a href=\"https:\/\/calenda.org\/958457\">Assurer l\u2019int\u00e9gration des sciences sociales et de la sant\u00e9 en Afrique et au Moyen-Orient<\/a>\u201d.<\/strong><\/p>\n<p><strong>Cet \u00e9v\u00e8nement international verra la pr\u00e9sence d\u2019experts issus d\u2019institutions marocaines et d\u2019universit\u00e9s et institutions internationales, tel que l\u2019Institut de technologie du Massachusetts MIT (\u00c9tats-Unis), le Mus\u00e9e Palestinien (Palestine), l\u2019universit\u00e9 de Bassorah (Iraq), l\u2019universit\u00e9 Toulouse-II-Jean-Jaur\u00e8s, (France), ainsi que l\u2019Universit\u00e9 islamique Imam Mohammad Ibn Saud, commun\u00e9ment appel\u00e9e Universit\u00e9 Al-Imam (Arabie saoudite), indique l\u2019Universit\u00e9 Al Akhawayn dans un communiqu\u00e9.<\/strong><\/p>\n<p><strong>Plusieurs questions scientifiques seront d\u00e9battues lors de cette \u00e9dition, souligne la m\u00eame source, relevant qu\u2019elles concernent, entre autres, les politiques sanitaires, la gestion anti-Covid-19, l\u2019acc\u00e8s aux soins, le genre, l\u2019\u00e9ducation m\u00e9dicale, la sant\u00e9 p\u00e9diatrique, la sant\u00e9 mentale, la communication m\u00e9dicale, les soins palliatifs, la sant\u00e9 reproductive et le tourisme m\u00e9dical.<\/strong><\/p>\n<p>&nbsp;<\/p>\n","protected":false},"excerpt":{"rendered":"<p>Al Akhawayn organisera, du 28 au 29 mai, la 8\u00e8me Conf\u00e9rence Internationale Annuelle sur les Sciences Sociales, en collaboration avec l\u2019institut Konrad-Adenauer-Stiftung, sous le th\u00e8me \u201cAssurer l\u2019int\u00e9gration des sciences sociales et de la sant\u00e9 en Afrique et au Moyen-Orient\u201d. Cet \u00e9v\u00e8nement international verra la pr\u00e9sence d\u2019experts issus d\u2019institutions marocaines et d\u2019universit\u00e9s et institutions internationales, tel [&hellip;]<\/p>\n","protected":false},"author":2,"featured_media":24892,"comment_status":"open","ping_status":"open","sticky":false,"template":"","format":"standard","meta":[],"categories":[26,31],"tags":[7007,291],"yst_prominent_words":[138,5889,2565,178,1755],"jetpack_featured_media_url":"https:\/\/le12.ma\/fr\/wp-content\/uploads\/2022\/05\/Affiche-Conference-Sciences-sociales.jpg","_links":{"self":[{"href":"https:\/\/le12.ma\/fr\/wp-json\/wp\/v2\/posts\/24891"}],"collection":[{"href":"https:\/\/le12.ma\/fr\/wp-json\/wp\/v2\/posts"}],"about":[{"href":"https:\/\/le12.ma\/fr\/wp-json\/wp\/v2\/types\/post"}],"author":[{"embeddable":true,"href":"https:\/\/le12.ma\/fr\/wp-json\/wp\/v2\/users\/2"}],"replies":[{"embeddable":true,"href":"https:\/\/le12.ma\/fr\/wp-json\/wp\/v2\/comments?post=24891"}],"version-history":[{"count":1,"href":"https:\/\/le12.ma\/fr\/wp-json\/wp\/v2\/posts\/24891\/revisions"}],"predecessor-version":[{"id":24893,"href":"https:\/\/le12.ma\/fr\/wp-json\/wp\/v2\/posts\/24891\/revisions\/24893"}],"wp:featuredmedia":[{"embeddable":true,"href":"https:\/\/le12.ma\/fr\/wp-json\/wp\/v2\/media\/24892"}],"wp:attachment":[{"href":"https:\/\/le12.ma\/fr\/wp-json\/wp\/v2\/media?parent=24891"}],"wp:term":[{"taxonomy":"category","embeddable":true,"href":"https:\/\/le12.ma\/fr\/wp-json\/wp\/v2\/categories?post=24891"},{"taxonomy":"post_tag","embeddable":true,"href":"https:\/\/le12.ma\/fr\/wp-json\/wp\/v2\/tags?post=24891"},{"taxonomy":"yst_prominent_words","embeddable":true,"href":"https:\/\/le12.ma\/fr\/wp-json\/wp\/v2\/yst_prominent_words?post=24891"}],"curies":[{"name":"wp","href":"https:\/\/api.w.org\/{rel}","templated":true}]}}