{"id":24864,"date":"2022-05-19T10:38:39","date_gmt":"2022-05-19T09:38:39","guid":{"rendered":"https:\/\/le12.ma\/fr\/?p=24864"},"modified":"2022-05-19T10:38:39","modified_gmt":"2022-05-19T09:38:39","slug":"bnrm-hommage-a-lecrivain-du","status":"publish","type":"post","link":"https:\/\/le12.ma\/fr\/bnrm-hommage-a-lecrivain-du\/","title":{"rendered":"BNRM : Hommage \u00e0 l\u2019\u00e9crivain du roman \u201cChaos dans le jardin du diable\u201d"},"content":{"rendered":"<h4><span style=\"color: #000000;\"><strong>BNRM: <a href=\"https:\/\/le12.ma\/fr\/lancement-de-laction-citoyenne-une-bibliotheque-une-famille-vendredi-prochain\/\">La Biblioth\u00e8que nationale du Royaume du Maroc<\/a> (BNRM) a abrit\u00e9 mardi une c\u00e9r\u00e9monie en hommage au romancier jordanien Mustafa Alqorna et son roman \u201cFawda Fi Hadikat al Chaytan\u201d (<a href=\"https:\/\/fr.wikipedia.org\/wiki\/Le_Jardin_du_diable\">Chaos dans le jardin du diable<\/a>), qui met l\u2019accent sur les conditions inhumaines qu\u2019endurent les s\u00e9questr\u00e9s dans les camps de Tindouf, dans le territoire alg\u00e9rien.<\/strong><\/span><\/h4>\n<p><strong>Initi\u00e9e par la Coalition pour l\u2019autonomie au Sahara (AUSACO) en partenariat avec le minist\u00e8re de la Jeunesse, de la Culture et de la Communication et la BNRM, cette c\u00e9r\u00e9monie s\u2019est d\u00e9roul\u00e9e en pr\u00e9sence d\u2019intellectuels, journalistes, acteurs associatifs et repr\u00e9sentants du cycle diplomatique accr\u00e9dit\u00e9 \u00e0 Rabat.<\/strong><\/p>\n<p><strong>S\u2019exprimant \u00e0 cette occasion, le directeur de la BNRM, Mohamed El Ferrane, a indiqu\u00e9 que cet \u00e9v\u00e9nement se veut une occasion pour d\u2019\u00e9minents chercheurs et \u00e9crivains de mettre en lumi\u00e8re la port\u00e9e de ce roman paru aux \u00e9ditions \u201cRoman arabe pour l\u2019\u00e9dition et la distribution\u201d.<\/strong><\/p>\n<p><strong>A travers ce r\u00e9cit, l\u2019\u00e9crivain a r\u00e9ussi \u00e0 mettre en relief le drame v\u00e9cu dans les camps de la honte, situ\u00e9s au sud de l\u2019Alg\u00e9rie, par les femmes, les personnes \u00e2g\u00e9es et les enfants, priv\u00e9s de leurs droits naturels \u00e0 une vie d\u00e9cente et \u00e0 un avenir prosp\u00e8re, a-t-il dit.<\/strong><\/p>\n<p><strong>Pour sa part, le coordonnateur de l\u2019AUSACO, Mohammed Ahmed Gain, a indiqu\u00e9 que cette rencontre, qui s\u2019inscrit dans le cadre des activit\u00e9s organis\u00e9es par la Coalition pour sensibiliser \u00e0 la question du Sahara marocain, constitue une occasion de rendre hommage \u00e0 l\u2019\u00e9crivain Mustafa Alqorna ainsi qu\u2019\u00e0 son roman.<\/strong><\/p>\n<p><strong>Il s\u2019agit notamment, a-t-il ajout\u00e9, de rapprocher le grand public des dimensions humaines du dossier du Sahara et des souffrances des personnes d\u00e9tenues, prises en otage et soumises \u00e0 des pratiques inhumaines depuis plus de quatre d\u00e9cennies.<\/strong><\/p>\n<p><strong>L\u2019ouvrage fait la comparaison entre deux mondes contradictoires, \u00e0 savoir les provinces du Sud du Royaume qui connaissant un grand \u00e9lan de d\u00e9veloppement, et les camps de Tindouf o\u00f9 la population est soumise \u00e0 une dure r\u00e9pression, a relev\u00e9 M. Ahmed.<\/strong><\/p>\n<p><strong>L\u2019ensemble des intervenants ont \u00e9t\u00e9 unanimes quant \u00e0 l\u2019importance de ce roman qui a r\u00e9ussi \u00e0 sensibiliser \u00e0 la question du Sahara en exposant la r\u00e9alit\u00e9 de la situation qui r\u00e8gne dans les camps de Tindouf.<\/strong><\/p>\n<p><strong>N\u00e9 en 1965, Mustafa Alqorna, ancien pr\u00e9sident de l\u2019Union des \u00e9crivains jordaniens, a enrichi la biblioth\u00e8que arabe de ses romans et ouvrages traduits dans plusieurs langues.<\/strong><\/p>\n<p><strong>Cr\u00e9\u00e9e en juillet 2019, l\u2019AUSACO comprend des juristes, des acad\u00e9miciens, des chercheurs, des hommes des m\u00e9dias et des militants de la soci\u00e9t\u00e9 civile repr\u00e9sentant 155 pays.<\/strong><\/p>\n<p><strong>La Coalition entreprend un travail de communication et de sensibilisation aupr\u00e8s de diff\u00e9rents publics pour les \u00e9clairer sur les d\u00e9veloppements du conflit artificiel autour du Sahara et mettre en exergue la dynamique de progr\u00e8s que connaissent les provinces du Sud sur les plans politique et socio-\u00e9conomique.<\/strong><\/p>\n","protected":false},"excerpt":{"rendered":"<p>BNRM: La Biblioth\u00e8que nationale du Royaume du Maroc (BNRM) a abrit\u00e9 mardi une c\u00e9r\u00e9monie en hommage au romancier jordanien Mustafa Alqorna et son roman \u201cFawda Fi Hadikat al Chaytan\u201d (Chaos dans le jardin du diable), qui met l\u2019accent sur les conditions inhumaines qu\u2019endurent les s\u00e9questr\u00e9s dans les camps de Tindouf, dans le territoire alg\u00e9rien. Initi\u00e9e [&hellip;]<\/p>\n","protected":false},"author":2,"featured_media":24865,"comment_status":"open","ping_status":"open","sticky":false,"template":"","format":"standard","meta":[],"categories":[31],"tags":[9260,9258,9259,9261],"yst_prominent_words":[980,5875,3162,368,90,1152,3811,157,1155,1156],"jetpack_featured_media_url":"https:\/\/le12.ma\/fr\/wp-content\/uploads\/2022\/05\/qorna_hommage.webp","_links":{"self":[{"href":"https:\/\/le12.ma\/fr\/wp-json\/wp\/v2\/posts\/24864"}],"collection":[{"href":"https:\/\/le12.ma\/fr\/wp-json\/wp\/v2\/posts"}],"about":[{"href":"https:\/\/le12.ma\/fr\/wp-json\/wp\/v2\/types\/post"}],"author":[{"embeddable":true,"href":"https:\/\/le12.ma\/fr\/wp-json\/wp\/v2\/users\/2"}],"replies":[{"embeddable":true,"href":"https:\/\/le12.ma\/fr\/wp-json\/wp\/v2\/comments?post=24864"}],"version-history":[{"count":1,"href":"https:\/\/le12.ma\/fr\/wp-json\/wp\/v2\/posts\/24864\/revisions"}],"predecessor-version":[{"id":24866,"href":"https:\/\/le12.ma\/fr\/wp-json\/wp\/v2\/posts\/24864\/revisions\/24866"}],"wp:featuredmedia":[{"embeddable":true,"href":"https:\/\/le12.ma\/fr\/wp-json\/wp\/v2\/media\/24865"}],"wp:attachment":[{"href":"https:\/\/le12.ma\/fr\/wp-json\/wp\/v2\/media?parent=24864"}],"wp:term":[{"taxonomy":"category","embeddable":true,"href":"https:\/\/le12.ma\/fr\/wp-json\/wp\/v2\/categories?post=24864"},{"taxonomy":"post_tag","embeddable":true,"href":"https:\/\/le12.ma\/fr\/wp-json\/wp\/v2\/tags?post=24864"},{"taxonomy":"yst_prominent_words","embeddable":true,"href":"https:\/\/le12.ma\/fr\/wp-json\/wp\/v2\/yst_prominent_words?post=24864"}],"curies":[{"name":"wp","href":"https:\/\/api.w.org\/{rel}","templated":true}]}}