{"id":24450,"date":"2022-05-11T16:00:34","date_gmt":"2022-05-11T15:00:34","guid":{"rendered":"https:\/\/le12.ma\/fr\/?p=24450"},"modified":"2022-05-11T16:00:34","modified_gmt":"2022-05-11T15:00:34","slug":"casablanca-m-alj-se-reunit-avec-les-presidents-des-cgem-regions-et-des-federations-internes","status":"publish","type":"post","link":"https:\/\/le12.ma\/fr\/casablanca-m-alj-se-reunit-avec-les-presidents-des-cgem-regions-et-des-federations-internes\/","title":{"rendered":"Casablanca : M. Alj se r\u00e9unit avec les pr\u00e9sidents des CGEM r\u00e9gions et des f\u00e9d\u00e9rations internes"},"content":{"rendered":"<p><span style=\"color: #ff0000;\"><strong>Rabat\u00a0: le12.ma<\/strong><\/span><\/p>\n<p><strong>Le pr\u00e9sident de la Conf\u00e9d\u00e9ration g\u00e9n\u00e9rale des entreprises du Maroc (CGEM), Chakib Alj, a tenu, mercredi \u00e0 Casablanca, une session de travail avec les pr\u00e9sidents des CGEM r\u00e9gions et des f\u00e9d\u00e9rations internes.<\/strong><\/p>\n<p><strong>\u00a0<\/strong><\/p>\n","protected":false},"excerpt":{"rendered":"<p>Rabat\u00a0: le12.ma Le pr\u00e9sident de la Conf\u00e9d\u00e9ration g\u00e9n\u00e9rale des entreprises du Maroc (CGEM), Chakib Alj, a tenu, mercredi \u00e0 Casablanca, une session de travail avec les pr\u00e9sidents des CGEM r\u00e9gions et des f\u00e9d\u00e9rations internes. \u00a0<\/p>\n","protected":false},"author":2,"featured_media":24451,"comment_status":"open","ping_status":"open","sticky":false,"template":"","format":"standard","meta":[],"categories":[25],"tags":[9122,6469],"yst_prominent_words":[1963],"jetpack_featured_media_url":"https:\/\/le12.ma\/fr\/wp-content\/uploads\/2022\/05\/M-ALJ-2.jpg","_links":{"self":[{"href":"https:\/\/le12.ma\/fr\/wp-json\/wp\/v2\/posts\/24450"}],"collection":[{"href":"https:\/\/le12.ma\/fr\/wp-json\/wp\/v2\/posts"}],"about":[{"href":"https:\/\/le12.ma\/fr\/wp-json\/wp\/v2\/types\/post"}],"author":[{"embeddable":true,"href":"https:\/\/le12.ma\/fr\/wp-json\/wp\/v2\/users\/2"}],"replies":[{"embeddable":true,"href":"https:\/\/le12.ma\/fr\/wp-json\/wp\/v2\/comments?post=24450"}],"version-history":[{"count":1,"href":"https:\/\/le12.ma\/fr\/wp-json\/wp\/v2\/posts\/24450\/revisions"}],"predecessor-version":[{"id":24452,"href":"https:\/\/le12.ma\/fr\/wp-json\/wp\/v2\/posts\/24450\/revisions\/24452"}],"wp:featuredmedia":[{"embeddable":true,"href":"https:\/\/le12.ma\/fr\/wp-json\/wp\/v2\/media\/24451"}],"wp:attachment":[{"href":"https:\/\/le12.ma\/fr\/wp-json\/wp\/v2\/media?parent=24450"}],"wp:term":[{"taxonomy":"category","embeddable":true,"href":"https:\/\/le12.ma\/fr\/wp-json\/wp\/v2\/categories?post=24450"},{"taxonomy":"post_tag","embeddable":true,"href":"https:\/\/le12.ma\/fr\/wp-json\/wp\/v2\/tags?post=24450"},{"taxonomy":"yst_prominent_words","embeddable":true,"href":"https:\/\/le12.ma\/fr\/wp-json\/wp\/v2\/yst_prominent_words?post=24450"}],"curies":[{"name":"wp","href":"https:\/\/api.w.org\/{rel}","templated":true}]}}