{"id":2403,"date":"2020-08-26T19:55:52","date_gmt":"2020-08-26T18:55:52","guid":{"rendered":"https:\/\/le12.ma\/fr\/?p=2403"},"modified":"2020-08-26T19:55:52","modified_gmt":"2020-08-26T18:55:52","slug":"france-mica-de-ismael-ferroukhi-en-competition-au-13e-festival-du-film-francophone-dangouleme","status":"publish","type":"post","link":"https:\/\/le12.ma\/fr\/france-mica-de-ismael-ferroukhi-en-competition-au-13e-festival-du-film-francophone-dangouleme\/","title":{"rendered":"France : \u00abMica\u00bb de Ismael Ferroukhi en comp\u00e9tition au 13\u00e8 festival du film francophone d\u2019Angoul\u00eame"},"content":{"rendered":"<p><span style=\"color: #ff0000;\"><strong>Paris \u2013 le12<\/strong><\/span><\/p>\n<p><strong>Le long m\u00e9trage \u00abMica\u00bb du r\u00e9alisateur marocain Ismael Ferroukhi est en comp\u00e9tition \u00e0 la 13\u00e8 \u00e9dition du festival du film francophone d\u2019Angoul\u00eame (FFA), qui se tient du 28 ao\u00fbt au 2 septembre et qui est consid\u00e9r\u00e9 comme le premier rendez-vous important d\u00e9di\u00e9 au 7e art de la rentr\u00e9e en France.<\/strong><\/p>\n","protected":false},"excerpt":{"rendered":"<p>Paris \u2013 le12 Le long m\u00e9trage \u00abMica\u00bb du r\u00e9alisateur marocain Ismael Ferroukhi est en comp\u00e9tition \u00e0 la 13\u00e8 \u00e9dition du festival du film francophone d\u2019Angoul\u00eame (FFA), qui se tient du 28 ao\u00fbt au 2 septembre et qui est consid\u00e9r\u00e9 comme le premier rendez-vous important d\u00e9di\u00e9 au 7e art de la rentr\u00e9e en France.<\/p>\n","protected":false},"author":4,"featured_media":2404,"comment_status":"open","ping_status":"open","sticky":false,"template":"","format":"standard","meta":[],"categories":[31],"tags":[],"yst_prominent_words":[],"jetpack_featured_media_url":"https:\/\/le12.ma\/fr\/wp-content\/uploads\/2020\/08\/logo-film-francophone-dAngouleme.jpg","_links":{"self":[{"href":"https:\/\/le12.ma\/fr\/wp-json\/wp\/v2\/posts\/2403"}],"collection":[{"href":"https:\/\/le12.ma\/fr\/wp-json\/wp\/v2\/posts"}],"about":[{"href":"https:\/\/le12.ma\/fr\/wp-json\/wp\/v2\/types\/post"}],"author":[{"embeddable":true,"href":"https:\/\/le12.ma\/fr\/wp-json\/wp\/v2\/users\/4"}],"replies":[{"embeddable":true,"href":"https:\/\/le12.ma\/fr\/wp-json\/wp\/v2\/comments?post=2403"}],"version-history":[{"count":1,"href":"https:\/\/le12.ma\/fr\/wp-json\/wp\/v2\/posts\/2403\/revisions"}],"predecessor-version":[{"id":2405,"href":"https:\/\/le12.ma\/fr\/wp-json\/wp\/v2\/posts\/2403\/revisions\/2405"}],"wp:featuredmedia":[{"embeddable":true,"href":"https:\/\/le12.ma\/fr\/wp-json\/wp\/v2\/media\/2404"}],"wp:attachment":[{"href":"https:\/\/le12.ma\/fr\/wp-json\/wp\/v2\/media?parent=2403"}],"wp:term":[{"taxonomy":"category","embeddable":true,"href":"https:\/\/le12.ma\/fr\/wp-json\/wp\/v2\/categories?post=2403"},{"taxonomy":"post_tag","embeddable":true,"href":"https:\/\/le12.ma\/fr\/wp-json\/wp\/v2\/tags?post=2403"},{"taxonomy":"yst_prominent_words","embeddable":true,"href":"https:\/\/le12.ma\/fr\/wp-json\/wp\/v2\/yst_prominent_words?post=2403"}],"curies":[{"name":"wp","href":"https:\/\/api.w.org\/{rel}","templated":true}]}}