{"id":23659,"date":"2022-04-12T11:33:44","date_gmt":"2022-04-12T11:33:44","guid":{"rendered":"https:\/\/le12.ma\/fr\/?p=23659"},"modified":"2022-04-12T11:33:44","modified_gmt":"2022-04-12T11:33:44","slug":"sadiki-stock-strategique-de-produits-de-base-vers-la-creation-dun-ecosysteme-national-integre","status":"publish","type":"post","link":"https:\/\/le12.ma\/fr\/sadiki-stock-strategique-de-produits-de-base-vers-la-creation-dun-ecosysteme-national-integre\/","title":{"rendered":"Sadiki.. Stock strat\u00e9gique de produits de base: vers la cr\u00e9ation d\u2019un \u00e9cosyst\u00e8me national int\u00e9gr\u00e9"},"content":{"rendered":"<p><span style=\"color: #ff0000;\"><strong>Rabat: le12.ma<\/strong><\/span><\/p>\n<p><strong>Le ministre de l\u2019Agriculture, de la p\u00eache maritime, du d\u00e9veloppement rural et des Eaux et For\u00eats, Mohamed Sadiki, a affirm\u00e9, lundi \u00e0 Rabat, que le gouvernement est en train de mettre en \u0153uvre une vision pour cr\u00e9er un \u00e9cosyst\u00e8me national et int\u00e9gr\u00e9 du stock strat\u00e9gique des produits de base et ce, en application des Hautes Orientations Royales.<\/strong><\/p>\n<p><strong>En r\u00e9ponse \u00e0 une question orale sur \u201cla s\u00e9curisation du stock strat\u00e9giques des produits alimentaires\u201d, pos\u00e9e par le groupement Justice et D\u00e9veloppement \u00e0 la Chambre des repr\u00e9sentants, M. Sadiki a expliqu\u00e9 que son D\u00e9partement a instaur\u00e9 une \u00e9quipe d\u00e9di\u00e9e \u00e0 l\u2019identification des produits concern\u00e9s par ce stock et des mesures qui seront mises en place pour assurer la \u201csouverainet\u00e9 alimentaire\u201d.<\/strong><\/p>\n<p><strong>Ces produits, selon le ministre, sont constitu\u00e9s de deux cat\u00e9gories. La premi\u00e8re concerne les produits de base que la production nationale ne permet pas \u00e0 couvrir, \u00e0 savoir les c\u00e9r\u00e9ales, le sucre et les huiles de table, tandis que la seconde porte sur les intrants agricoles, en particulier les semences, les engrais azot\u00e9s et les pesticides qui ne sont pas produits localement.<\/strong><\/p>\n<p><strong>Il a, par ailleurs, soulign\u00e9 que dans l\u2019attente de fixer la vision finale de ce chantier et les m\u00e9canismes \u00e0 m\u00eame d\u2019assurer sa mise en \u0153uvre, le minist\u00e8re de l\u2019Agriculture a entam\u00e9, conjointement avec le minist\u00e8re des Finances, \u00e0 partir de ce mois, la constitution progressive d\u2019un stock de r\u00e9serve de bl\u00e9 tendre et dur.<\/strong><\/p>\n<p><strong>Ce stock, qui s\u2019ajoute au stock disponible couvrant cinq mois, a-t-il dit, sera mis \u00e0 la disposition de l\u2019Office National Interprofessionnel des C\u00e9r\u00e9ales et des L\u00e9gumineuses (ONICL), selon le m\u00e9canisme l\u00e9gal dont il dispose, et sera liquid\u00e9 en fonction de la conjoncture et en coordination avec les professionnels du domaine.<\/strong><\/p>\n<p><strong>Et de conclure : \u201cNous sommes confront\u00e9s \u00e0 une crise multifactorielle et incontr\u00f4l\u00e9e et le gouvernement met tout en \u0153uvre pour suivre l\u2019\u00e9volution de cette situation et y faire face en fonction des moyens disponibles\u201d.<\/strong><\/p>\n<p><strong>\u00a0<\/strong><\/p>\n","protected":false},"excerpt":{"rendered":"<p>Rabat: le12.ma Le ministre de l\u2019Agriculture, de la p\u00eache maritime, du d\u00e9veloppement rural et des Eaux et For\u00eats, Mohamed Sadiki, a affirm\u00e9, lundi \u00e0 Rabat, que le gouvernement est en train de mettre en \u0153uvre une vision pour cr\u00e9er un \u00e9cosyst\u00e8me national et int\u00e9gr\u00e9 du stock strat\u00e9gique des produits de base et ce, en application [&hellip;]<\/p>\n","protected":false},"author":2,"featured_media":23660,"comment_status":"open","ping_status":"open","sticky":false,"template":"","format":"standard","meta":[],"categories":[22],"tags":[8204,7907],"yst_prominent_words":[2683,694,395,148,193,258,1463,1144,299,4791],"jetpack_featured_media_url":"https:\/\/le12.ma\/fr\/wp-content\/uploads\/2022\/04\/Capture\u062a\u0627\u0639.png","_links":{"self":[{"href":"https:\/\/le12.ma\/fr\/wp-json\/wp\/v2\/posts\/23659"}],"collection":[{"href":"https:\/\/le12.ma\/fr\/wp-json\/wp\/v2\/posts"}],"about":[{"href":"https:\/\/le12.ma\/fr\/wp-json\/wp\/v2\/types\/post"}],"author":[{"embeddable":true,"href":"https:\/\/le12.ma\/fr\/wp-json\/wp\/v2\/users\/2"}],"replies":[{"embeddable":true,"href":"https:\/\/le12.ma\/fr\/wp-json\/wp\/v2\/comments?post=23659"}],"version-history":[{"count":1,"href":"https:\/\/le12.ma\/fr\/wp-json\/wp\/v2\/posts\/23659\/revisions"}],"predecessor-version":[{"id":23661,"href":"https:\/\/le12.ma\/fr\/wp-json\/wp\/v2\/posts\/23659\/revisions\/23661"}],"wp:featuredmedia":[{"embeddable":true,"href":"https:\/\/le12.ma\/fr\/wp-json\/wp\/v2\/media\/23660"}],"wp:attachment":[{"href":"https:\/\/le12.ma\/fr\/wp-json\/wp\/v2\/media?parent=23659"}],"wp:term":[{"taxonomy":"category","embeddable":true,"href":"https:\/\/le12.ma\/fr\/wp-json\/wp\/v2\/categories?post=23659"},{"taxonomy":"post_tag","embeddable":true,"href":"https:\/\/le12.ma\/fr\/wp-json\/wp\/v2\/tags?post=23659"},{"taxonomy":"yst_prominent_words","embeddable":true,"href":"https:\/\/le12.ma\/fr\/wp-json\/wp\/v2\/yst_prominent_words?post=23659"}],"curies":[{"name":"wp","href":"https:\/\/api.w.org\/{rel}","templated":true}]}}