{"id":23529,"date":"2022-04-04T12:08:53","date_gmt":"2022-04-04T12:08:53","guid":{"rendered":"https:\/\/le12.ma\/fr\/?p=23529"},"modified":"2022-04-04T12:08:53","modified_gmt":"2022-04-04T12:08:53","slug":"a-la-decouverte-de-lart-culinaire-kazakh-et-turc","status":"publish","type":"post","link":"https:\/\/le12.ma\/fr\/a-la-decouverte-de-lart-culinaire-kazakh-et-turc\/","title":{"rendered":"A la d\u00e9couverte de l\u2019art culinaire kazakh et turc"},"content":{"rendered":"<p class=\"p1\">\n<p class=\"p1\"><strong><span class=\"s2\">\u00a0<\/span><\/strong><\/p>\n<p class=\"p1\"><span style=\"color: #ff0000;\"><strong><span class=\"s2\">*Par Driss Lyakoubi<\/span><\/strong><\/span><\/p>\n<p class=\"p1\"><strong><span class=\"s2\">\u00a0<\/span><\/strong><\/p>\n<p class=\"p1\"><strong><span class=\"s2\">Les ambassades du Kazakhstan et de Turquie \u00e0 Rabat ont r\u00e9cemment organis\u00e9 un master-class sur la cuisine nationale kazakhe et turque au profit des \u00e9tudiants du Centre de formation dans les m\u00e9tiers de l\u2019h\u00f4tellerie et du tourisme Guich Loudaya \u00e0 T\u00e9mara.<\/span><\/strong><\/p>\n<p class=\"p1\"><strong><span class=\"s2\">Cette manifestation culturelle et gastronomique qui c\u00e9l\u00e8bre la f\u00eate du Novruz, marquant l\u2019arriv\u00e9e du printemps dans plusieurs pays d\u2019Asie mineure et d\u2019Asie centrale, a constitu\u00e9 pour les participants une opportunit\u00e9 pour d\u00e9couvrir la diversit\u00e9 et la richesse de la cuisine de pays grands amis du Maroc. Prenant la parole \u00e0 cette occasion , Mme Saulekul Sailaukyzy, ambassadeur du Khazakhstan n\u2019a pas manqu\u00e9 de rappeler que la f\u00eate du Novruz constitue pour le peuple kazakh un \u00e9v\u00e9nement \u00e0 la fois historique et culturel, indiquant, \u00e0 cet \u00e9gard, qu\u2019il s\u2019agit d\u2019un grand moment de rassemblement pour les citoyens de son pays autour d\u2019un objectif commun d\u2019\u00e9panouissement cr\u00e9atif et une occasion qui symbolise, non seulement le renouvellement de la nature, mais \u00e9galement le d\u00e9veloppement du pays et de la soci\u00e9t\u00e9 kazakhe. \u00ab\u00a0La c\u00e9l\u00e9bration du Novruz qui nous r\u00e9unit \u00a0aujourd\u2019hui, ajoute-t-elle, rev\u00eat une importance capitale, puisqu\u2019il permet aux Marocains d\u2019apprendre davantage sur l\u2019h\u00e9ritage culturel du Kazakhstan et sur sa richesse culinaire. \u00bb<\/span><\/strong><\/p>\n<p class=\"p1\"><strong><span class=\"s2\">De son c\u00f4t\u00e9, M. Ahmet Aydin D\u00f6gan, ambassadeur de Turquie a salu\u00e9 cette initiative de l\u2019ambassade du Kazakhstan visant \u00e0 faire connaitre aux jeunes stagiaires du centre quelques exemples de la gastronomie turque et Kazakhe. Tout en \u00e9mettant le souhait que ce genre de rencontres s\u2019inscrit dans la dur\u00e9e, M. Ahmet Aydin D\u00f6gan a, d\u2019autre part, soulign\u00e9 que le Novruz est une f\u00eate mill\u00e9naire c\u00e9l\u00e9br\u00e9e par plusieurs peuples d\u2019une vaste zone g\u00e9ographique asiatique. Il a rappel\u00e9, \u00e0 cet \u00e9gard, que cette f\u00eate printani\u00e8re a \u00e9t\u00e9 inscrite en 2009 sur la liste du patrimoine culturel immat\u00e9riel de l\u2019UNESCO.<\/span><\/strong><\/p>\n<p class=\"p1\"><strong><span class=\"s2\">A noter que lors de cette c\u00e9r\u00e9monie de c\u00e9l\u00e9bration du Novrus, les deux ambassadeurs ont adress\u00e9 leurs vifs remerciements aux responsables de l\u2019OFPPT et au directeur du Centre de formation dans les m\u00e9tiers de l\u2019h\u00f4tellerie et du tourisme pour l\u2019h\u00e9bergement de cet \u00e9v\u00e9nement aux multiples dimensions.<\/span><\/strong><\/p>\n<p class=\"p1\"><strong><span class=\"s2\">A souligner en outre que cette rencontre, premi\u00e8re du genre, s\u2019est illustr\u00e9e par la pr\u00e9sence de plusieurs ambassadeurs et diplomates, de chefs cuisiniers marocains et \u00e9trangers et de repr\u00e9sentants de la soci\u00e9t\u00e9 civile, parmi lesquels Hassan Ammari, pr\u00e9sident de l\u2019association marocaine pour la coop\u00e9ration et l\u2019amiti\u00e9 entre les peuples, figure embl\u00e9matique de la diplomatie parall\u00e8le et initiateur de cette manifestation culturelle aux relents festifs.<\/span><\/strong><\/p>\n","protected":false},"excerpt":{"rendered":"<p>\u00a0 *Par Driss Lyakoubi \u00a0 Les ambassades du Kazakhstan et de Turquie \u00e0 Rabat ont r\u00e9cemment organis\u00e9 un master-class sur la cuisine nationale kazakhe et turque au profit des \u00e9tudiants du Centre de formation dans les m\u00e9tiers de l\u2019h\u00f4tellerie et du tourisme Guich Loudaya \u00e0 T\u00e9mara. Cette manifestation culturelle et gastronomique qui c\u00e9l\u00e8bre la f\u00eate [&hellip;]<\/p>\n","protected":false},"author":2,"featured_media":23527,"comment_status":"open","ping_status":"open","sticky":false,"template":"","format":"standard","meta":[],"categories":[26,31,54,24],"tags":[8900,8633,5112,8901],"yst_prominent_words":[1117,263,147,1124,98],"jetpack_featured_media_url":"https:\/\/le12.ma\/fr\/wp-content\/uploads\/2022\/04\/39456797-9B8A-46F5-898A-1794DC6CF454.jpeg","_links":{"self":[{"href":"https:\/\/le12.ma\/fr\/wp-json\/wp\/v2\/posts\/23529"}],"collection":[{"href":"https:\/\/le12.ma\/fr\/wp-json\/wp\/v2\/posts"}],"about":[{"href":"https:\/\/le12.ma\/fr\/wp-json\/wp\/v2\/types\/post"}],"author":[{"embeddable":true,"href":"https:\/\/le12.ma\/fr\/wp-json\/wp\/v2\/users\/2"}],"replies":[{"embeddable":true,"href":"https:\/\/le12.ma\/fr\/wp-json\/wp\/v2\/comments?post=23529"}],"version-history":[{"count":1,"href":"https:\/\/le12.ma\/fr\/wp-json\/wp\/v2\/posts\/23529\/revisions"}],"predecessor-version":[{"id":23530,"href":"https:\/\/le12.ma\/fr\/wp-json\/wp\/v2\/posts\/23529\/revisions\/23530"}],"wp:featuredmedia":[{"embeddable":true,"href":"https:\/\/le12.ma\/fr\/wp-json\/wp\/v2\/media\/23527"}],"wp:attachment":[{"href":"https:\/\/le12.ma\/fr\/wp-json\/wp\/v2\/media?parent=23529"}],"wp:term":[{"taxonomy":"category","embeddable":true,"href":"https:\/\/le12.ma\/fr\/wp-json\/wp\/v2\/categories?post=23529"},{"taxonomy":"post_tag","embeddable":true,"href":"https:\/\/le12.ma\/fr\/wp-json\/wp\/v2\/tags?post=23529"},{"taxonomy":"yst_prominent_words","embeddable":true,"href":"https:\/\/le12.ma\/fr\/wp-json\/wp\/v2\/yst_prominent_words?post=23529"}],"curies":[{"name":"wp","href":"https:\/\/api.w.org\/{rel}","templated":true}]}}