{"id":234,"date":"2020-07-13T15:05:32","date_gmt":"2020-07-13T14:05:32","guid":{"rendered":"https:\/\/le12.ma\/fr\/?p=234"},"modified":"2020-07-13T15:05:41","modified_gmt":"2020-07-13T14:05:41","slug":"suspension-des-trains-au-depart-et-a-destination-de-tanger-a-partir-de-ce-lundi-13-juillet","status":"publish","type":"post","link":"https:\/\/le12.ma\/fr\/suspension-des-trains-au-depart-et-a-destination-de-tanger-a-partir-de-ce-lundi-13-juillet\/","title":{"rendered":"Suspension des trains au d\u00e9part et \u00e0 destination de Tanger \u00e0 partir de ce lundi 13 juillet"},"content":{"rendered":"<p><strong><span style=\"color: #ff0000;\">Rabat \u2013 le12<\/span><\/strong><\/p>\n<p><strong>Suite aux derni\u00e8res mesures pr\u00e9ventives prises par les autorit\u00e9s publiques au niveau de la ville de Tanger, l\u2019Office national des Chemins de Fer (ONCF) a annonc\u00e9 la suspension des trains au d\u00e9part et \u00e0 destination de Tanger \u00e0 partir du lundi 13 juillet 2020.<\/strong><\/p>\n<p><strong>Dans un communiqu\u00e9, l\u2019ONCF informe le grand public que cette suspension concerne \u201cles axes Tanger\/Casablanca via les trains Al Boraq et Tanger\/F\u00e8s via les trains Al Atlas\u201d.<\/strong><\/p>\n<p><strong>Les billets achet\u00e9s sur ces axes pour des dates de voyage \u00e0 partir du lundi 13 juillet seront \u00e9changeables apr\u00e8s la reprise de la circulation des trains, poursuit l\u2019ONCF, qui invite son aimable client\u00e8le \u00e0 se renseigner sur ces nouvelles dispositions sur le site \u201cwww.oncf-voyages.ma\u201d ou en appelant le centre de Relations clients au 2255.<\/strong><\/p>\n","protected":false},"excerpt":{"rendered":"<p>Rabat \u2013 le12 Suite aux derni\u00e8res mesures pr\u00e9ventives prises par les autorit\u00e9s publiques au niveau de la ville de Tanger, l\u2019Office national des Chemins de Fer (ONCF) a annonc\u00e9 la suspension des trains au d\u00e9part et \u00e0 destination de Tanger \u00e0 partir du lundi 13 juillet 2020. Dans un communiqu\u00e9, l\u2019ONCF informe le grand public [&hellip;]<\/p>\n","protected":false},"author":3,"featured_media":235,"comment_status":"open","ping_status":"open","sticky":false,"template":"","format":"standard","meta":[],"categories":[28,24],"tags":[532,533],"yst_prominent_words":[526,523,138,530,502,529,528,522,519,158,520,517,516,527,409,525,524,531,521,518],"jetpack_featured_media_url":"https:\/\/le12.ma\/fr\/wp-content\/uploads\/2020\/07\/oncf_m-copier-Suspension-des-trains-au-d\u00e9part-et-\u00e0-destination-de-Tanger-\u00e0-partir-de-ce-lundi-13-juillet.jpg","_links":{"self":[{"href":"https:\/\/le12.ma\/fr\/wp-json\/wp\/v2\/posts\/234"}],"collection":[{"href":"https:\/\/le12.ma\/fr\/wp-json\/wp\/v2\/posts"}],"about":[{"href":"https:\/\/le12.ma\/fr\/wp-json\/wp\/v2\/types\/post"}],"author":[{"embeddable":true,"href":"https:\/\/le12.ma\/fr\/wp-json\/wp\/v2\/users\/3"}],"replies":[{"embeddable":true,"href":"https:\/\/le12.ma\/fr\/wp-json\/wp\/v2\/comments?post=234"}],"version-history":[{"count":3,"href":"https:\/\/le12.ma\/fr\/wp-json\/wp\/v2\/posts\/234\/revisions"}],"predecessor-version":[{"id":238,"href":"https:\/\/le12.ma\/fr\/wp-json\/wp\/v2\/posts\/234\/revisions\/238"}],"wp:featuredmedia":[{"embeddable":true,"href":"https:\/\/le12.ma\/fr\/wp-json\/wp\/v2\/media\/235"}],"wp:attachment":[{"href":"https:\/\/le12.ma\/fr\/wp-json\/wp\/v2\/media?parent=234"}],"wp:term":[{"taxonomy":"category","embeddable":true,"href":"https:\/\/le12.ma\/fr\/wp-json\/wp\/v2\/categories?post=234"},{"taxonomy":"post_tag","embeddable":true,"href":"https:\/\/le12.ma\/fr\/wp-json\/wp\/v2\/tags?post=234"},{"taxonomy":"yst_prominent_words","embeddable":true,"href":"https:\/\/le12.ma\/fr\/wp-json\/wp\/v2\/yst_prominent_words?post=234"}],"curies":[{"name":"wp","href":"https:\/\/api.w.org\/{rel}","templated":true}]}}