{"id":23332,"date":"2022-03-26T16:29:52","date_gmt":"2022-03-26T15:29:52","guid":{"rendered":"https:\/\/le12.ma\/fr\/?p=23332"},"modified":"2022-03-26T16:29:52","modified_gmt":"2022-03-26T15:29:52","slug":"journee-mondiale-du-theatre-celebre-les-jeunes","status":"publish","type":"post","link":"https:\/\/le12.ma\/fr\/journee-mondiale-du-theatre-celebre-les-jeunes\/","title":{"rendered":"journ\u00e9e mondiale du th\u00e9\u00e2tre c\u00e9l\u00e8bre les jeunes"},"content":{"rendered":"<p><strong>\u00a0<span style=\"color: #ff0000;\">Rabat: Le12.ma<\/span><\/strong><\/p>\n<p><strong>La journ\u00e9e mondiale du th\u00e9\u00e2tre, comm\u00e9mor\u00e9e le 27 mars de chaque ann\u00e9e, met au c\u0153ur de ses c\u00e9l\u00e9brations la jeunesse, une g\u00e9n\u00e9ration future et un important pilier du d\u00e9veloppement durable, devenu de plus en plus connect\u00e9e.<\/strong><\/p>\n<p><strong>Cette journ\u00e9e se veut une occasion d\u2019informer et de sensibiliser sur la place des jeunes dans le monde du th\u00e9\u00e2tre et illustre son importance dans l\u2019inclusion sociale, l\u2019\u00e9panouissement et surtout l\u2019\u00e9veil de cette tranche sociale ultra-connect\u00e9e et consommatrice.<\/strong><\/p>\n<p><strong>Il s\u2019agit \u00e9galement de rappeler \u201cle grand pouvoir\u201d que les arts de la sc\u00e8ne peuvent apporter \u00e0 la soci\u00e9t\u00e9, particuli\u00e8rement au d\u00e9veloppement des jeunes et des artistes \u00e9mergents.<\/strong><\/p>\n<p><strong>En outre, la journ\u00e9e mondiale du th\u00e9\u00e2tre vise \u00e0 promouvoir le \u201cP\u00e8re des arts\u201d sous toutes ses formes, \u00e0 sensibiliser les gens \u00e0 la valeur du th\u00e9\u00e2tre et \u00e0 permettre aux communaut\u00e9s th\u00e9\u00e2trales de promouvoir leur travail \u00e0 grande \u00e9chelle.<\/strong><\/p>\n<p><strong>A travers cet \u00e9v\u00e9nement phare, l\u2019Institut international du th\u00e9\u00e2tre (ITI), initiateur de cette journ\u00e9e, souhaite offrir \u00e0 la prochaine g\u00e9n\u00e9ration d\u2019artistes et de professionnels de cet art une plateforme pour \u00e9changer des id\u00e9es et se pr\u00e9senter au monde.<\/strong><\/p>\n<p><strong>Par cons\u00e9quent, l\u2019ITI pr\u00e9voit d\u2019inviter des artistes \u00e9mergents de diff\u00e9rents continents \u00e0 participer et \u00e0 se pr\u00e9senter lors de cette c\u00e9l\u00e9bration, qui se tiendra le 27 mars en format digital sur la plateforme de l\u2019Institut.<\/strong><\/p>\n<p><strong>Pour marquer cette occasion, l\u2019ITI compte diffuser le message de la Journ\u00e9e mondiale du th\u00e9\u00e2tre, \u00e0 travers lequel une figure d\u2019envergure mondiale partage ses r\u00e9flexions sur le th\u00e8me du th\u00e9\u00e2tre et de la culture de la paix.<\/strong><\/p>\n<p><strong>Le premier message de la Journ\u00e9e mondiale du th\u00e9\u00e2tre a \u00e9t\u00e9 r\u00e9dig\u00e9 par Jean Cocteau en 1962.<\/strong><\/p>\n<p><strong>Au Maroc et en guise de c\u00e9l\u00e9bration de cette journ\u00e9e mondiale, le minist\u00e8re de la Culture, de la Jeunesse et des Sports a \u00e9tabli un programme national couvrant les centres culturels, th\u00e9\u00e2tres et espaces d\u2019exposition des diff\u00e9rentes r\u00e9gions du Royaume qui pr\u00e9voit des activit\u00e9s th\u00e9\u00e2trales, des ateliers de formation et de sensibilisation ainsi que des rencontres avec des artistes de la sc\u00e8ne th\u00e9\u00e2trale.<\/strong><\/p>\n<p><strong>Selon les Nations Unies, en 2030, la date fix\u00e9e pour la mise en \u0153uvre du Programme de d\u00e9veloppement durable et de ses 17 objectifs de d\u00e9veloppement durable (ODD), le nombre de jeunes devrait augmenter de 7%, pour atteindre pr\u00e8s de 1,3 milliard d\u2019individus.<\/strong><\/p>\n<p><strong>Ce nombre refl\u00e8te davantage la place que rev\u00eat les jeunes dans la soci\u00e9t\u00e9 et la n\u00e9cessit\u00e9 de renforcer leurs capacit\u00e9s par la mise en place de m\u00e9canismes de soutien inclusifs, dont le th\u00e9\u00e2tre, qui puissent leur permettre de continuer \u00e0 intensifier leurs efforts collectivement et individuellement.<\/strong><\/p>\n<p><strong>\u00a0<\/strong><\/p>\n<p><strong>\u00a0<\/strong><\/p>\n","protected":false},"excerpt":{"rendered":"<p>\u00a0Rabat: Le12.ma La journ\u00e9e mondiale du th\u00e9\u00e2tre, comm\u00e9mor\u00e9e le 27 mars de chaque ann\u00e9e, met au c\u0153ur de ses c\u00e9l\u00e9brations la jeunesse, une g\u00e9n\u00e9ration future et un important pilier du d\u00e9veloppement durable, devenu de plus en plus connect\u00e9e. Cette journ\u00e9e se veut une occasion d\u2019informer et de sensibiliser sur la place des jeunes dans le [&hellip;]<\/p>\n","protected":false},"author":2,"featured_media":23333,"comment_status":"open","ping_status":"open","sticky":false,"template":"","format":"standard","meta":[],"categories":[31,54,24],"tags":[6621,6622,8857],"yst_prominent_words":[4847,252,694,5090,5692,4858,1957,3716,3059,3188,368,365,328],"jetpack_featured_media_url":"https:\/\/le12.ma\/fr\/wp-content\/uploads\/2022\/03\/afolay_theatre_278442742.jpg","_links":{"self":[{"href":"https:\/\/le12.ma\/fr\/wp-json\/wp\/v2\/posts\/23332"}],"collection":[{"href":"https:\/\/le12.ma\/fr\/wp-json\/wp\/v2\/posts"}],"about":[{"href":"https:\/\/le12.ma\/fr\/wp-json\/wp\/v2\/types\/post"}],"author":[{"embeddable":true,"href":"https:\/\/le12.ma\/fr\/wp-json\/wp\/v2\/users\/2"}],"replies":[{"embeddable":true,"href":"https:\/\/le12.ma\/fr\/wp-json\/wp\/v2\/comments?post=23332"}],"version-history":[{"count":1,"href":"https:\/\/le12.ma\/fr\/wp-json\/wp\/v2\/posts\/23332\/revisions"}],"predecessor-version":[{"id":23334,"href":"https:\/\/le12.ma\/fr\/wp-json\/wp\/v2\/posts\/23332\/revisions\/23334"}],"wp:featuredmedia":[{"embeddable":true,"href":"https:\/\/le12.ma\/fr\/wp-json\/wp\/v2\/media\/23333"}],"wp:attachment":[{"href":"https:\/\/le12.ma\/fr\/wp-json\/wp\/v2\/media?parent=23332"}],"wp:term":[{"taxonomy":"category","embeddable":true,"href":"https:\/\/le12.ma\/fr\/wp-json\/wp\/v2\/categories?post=23332"},{"taxonomy":"post_tag","embeddable":true,"href":"https:\/\/le12.ma\/fr\/wp-json\/wp\/v2\/tags?post=23332"},{"taxonomy":"yst_prominent_words","embeddable":true,"href":"https:\/\/le12.ma\/fr\/wp-json\/wp\/v2\/yst_prominent_words?post=23332"}],"curies":[{"name":"wp","href":"https:\/\/api.w.org\/{rel}","templated":true}]}}