{"id":2284,"date":"2020-08-25T17:55:22","date_gmt":"2020-08-25T16:55:22","guid":{"rendered":"https:\/\/le12.ma\/fr\/?p=2284"},"modified":"2020-08-25T17:55:22","modified_gmt":"2020-08-25T16:55:22","slug":"sm-le-roi-adresse-un-message-de-condoleances-a-la-famille-de-lartiste-touria-jabrane-kraytif","status":"publish","type":"post","link":"https:\/\/le12.ma\/fr\/sm-le-roi-adresse-un-message-de-condoleances-a-la-famille-de-lartiste-touria-jabrane-kraytif\/","title":{"rendered":"SM le Roi adresse un message de condol\u00e9ances \u00e0 la famille de l\u2019artiste Touria Jabrane Kraytif"},"content":{"rendered":"<p><span style=\"color: #ff0000;\"><strong>Rabat \u2013 le12<\/strong><\/span><\/p>\n<p><strong>Sa Majest\u00e9 le Roi Mohammed VI a adress\u00e9 un message de condol\u00e9ances et de compassion \u00e0 la famille de l\u2019artiste comp\u00e9tente feue Touria Jabrane Kraytif.<\/strong><\/p>\n<p><strong>Dans ce message, SM le Roi affirme avoir appris avec une profonde \u00e9motion et affliction le d\u00e9c\u00e8s de l\u2019artiste distingu\u00e9e feue Touria Jabrane Kraytif, que Dieu ait son \u00e2me.<\/strong><\/p>\n<p><strong>En cette triste circonstance, le Souverain exprime aux membres de la famille de la d\u00e9funte et ses proches et, \u00e0 travers eux, \u00e0 sa grande famille culturelle et artistique, Ses vives condol\u00e9ances et Sa sinc\u00e8re compassion, implorant le Tout-Puissant de leur accorder patience et r\u00e9confort.<\/strong><\/p>\n<p><strong>Le d\u00e9c\u00e8s de la d\u00e9funte n\u2019est pas seulement une perte pour sa petite famille, mais aussi pour la famille artistique marocaine en g\u00e9n\u00e9ral, laquelle a perdu une artiste et actrice hors-pair connue pour sa contribution abondante, active et s\u00e9rieuse au d\u00e9veloppement et au rayonnement de l\u2019art th\u00e9\u00e2tral et cin\u00e9matographique dans notre pays, et au service du champ artistique et culturel national, affirme Sa Majest\u00e9.<\/strong><\/p>\n<p><strong>En cette douloureuse \u00e9preuve, SM le Roi rappelle les qualit\u00e9s honorables de feue Touria Jabrane Kraytif, qui \u201cb\u00e9n\u00e9ficiait de Notre appr\u00e9ciation\u201d, eu \u00e9gard \u00e0 ses hautes qualit\u00e9s humaines, au d\u00e9vouement et l\u2019abn\u00e9gation dont elle faisait preuve, en particulier dans l\u2019exercice de ses fonctions gouvernementales, et aux valeurs de patriotisme sinc\u00e8re.<\/strong><\/p>\n<p><strong>Le Souverain dit \u00e9galement partager les sentiments de la famille de la regrett\u00e9e suite \u00e0 cette perte cruelle, implorant le Tout-Haut de r\u00e9tribuer amplement la d\u00e9funte, de l\u2019entourer de Sa sainte mis\u00e9ricorde, de la r\u00e9tribuer amplement des services qu\u2019elle a rendus \u00e0 la patrie et l\u2019accueillir dans Son vaste paradis.<\/strong><\/p>\n","protected":false},"excerpt":{"rendered":"<p>Rabat \u2013 le12 Sa Majest\u00e9 le Roi Mohammed VI a adress\u00e9 un message de condol\u00e9ances et de compassion \u00e0 la famille de l\u2019artiste comp\u00e9tente feue Touria Jabrane Kraytif. Dans ce message, SM le Roi affirme avoir appris avec une profonde \u00e9motion et affliction le d\u00e9c\u00e8s de l\u2019artiste distingu\u00e9e feue Touria Jabrane Kraytif, que Dieu ait [&hellip;]<\/p>\n","protected":false},"author":4,"featured_media":2285,"comment_status":"open","ping_status":"open","sticky":false,"template":"","format":"standard","meta":[],"categories":[26,31,24],"tags":[],"yst_prominent_words":[2849,2005,2008,1521,614,613,1512],"jetpack_featured_media_url":"https:\/\/le12.ma\/fr\/wp-content\/uploads\/2020\/08\/1598365251113-504x362-1.jpg","_links":{"self":[{"href":"https:\/\/le12.ma\/fr\/wp-json\/wp\/v2\/posts\/2284"}],"collection":[{"href":"https:\/\/le12.ma\/fr\/wp-json\/wp\/v2\/posts"}],"about":[{"href":"https:\/\/le12.ma\/fr\/wp-json\/wp\/v2\/types\/post"}],"author":[{"embeddable":true,"href":"https:\/\/le12.ma\/fr\/wp-json\/wp\/v2\/users\/4"}],"replies":[{"embeddable":true,"href":"https:\/\/le12.ma\/fr\/wp-json\/wp\/v2\/comments?post=2284"}],"version-history":[{"count":1,"href":"https:\/\/le12.ma\/fr\/wp-json\/wp\/v2\/posts\/2284\/revisions"}],"predecessor-version":[{"id":2286,"href":"https:\/\/le12.ma\/fr\/wp-json\/wp\/v2\/posts\/2284\/revisions\/2286"}],"wp:featuredmedia":[{"embeddable":true,"href":"https:\/\/le12.ma\/fr\/wp-json\/wp\/v2\/media\/2285"}],"wp:attachment":[{"href":"https:\/\/le12.ma\/fr\/wp-json\/wp\/v2\/media?parent=2284"}],"wp:term":[{"taxonomy":"category","embeddable":true,"href":"https:\/\/le12.ma\/fr\/wp-json\/wp\/v2\/categories?post=2284"},{"taxonomy":"post_tag","embeddable":true,"href":"https:\/\/le12.ma\/fr\/wp-json\/wp\/v2\/tags?post=2284"},{"taxonomy":"yst_prominent_words","embeddable":true,"href":"https:\/\/le12.ma\/fr\/wp-json\/wp\/v2\/yst_prominent_words?post=2284"}],"curies":[{"name":"wp","href":"https:\/\/api.w.org\/{rel}","templated":true}]}}