{"id":22684,"date":"2022-02-04T02:42:48","date_gmt":"2022-02-04T01:42:48","guid":{"rendered":"https:\/\/le12.ma\/fr\/?p=22684"},"modified":"2022-02-04T02:46:38","modified_gmt":"2022-02-04T01:46:38","slug":"rabat-celebration-de-la-nouvelle-annee-chinoise-par-le-biais-de-lart","status":"publish","type":"post","link":"https:\/\/le12.ma\/fr\/rabat-celebration-de-la-nouvelle-annee-chinoise-par-le-biais-de-lart\/","title":{"rendered":"Rabat . C\u00e9l\u00e9bration de la nouvelle ann\u00e9e chinoise par le biais de l&rsquo;art"},"content":{"rendered":"<p class=\"p1\"><span style=\"color: #ff0000;\"><strong><span class=\"s1\">Rabat-D.Y(le12.ma\/Fr)<\/span><\/strong><\/span><\/p>\n<p class=\"p1\"><strong><span class=\"s1\">Chaque jour et jusqu&rsquo;au 10 f\u00e9vrier prochain, des personnalit\u00e9s de divers horizons rendent visite \u00e0 la Galerie des Beaux-Arts de Rabat qui abrite une exposition sino-marocaine.<\/span><\/strong><\/p>\n<p class=\"p1\"><strong><span class=\"s1\">Organis\u00e9e par l&rsquo;Association marocaine pour la coop\u00e9ration et l&rsquo;amiti\u00e9 entre les Peuples (AMCAP), \u00e0 l&rsquo;occasion du nouvel an chinois, cette manifestation culturelle et artistique ne cesse de susciter l&rsquo;admiration de visiteurs initi\u00e9s.<\/span><\/strong><\/p>\n<p class=\"p1\"><strong><span class=\"s1\">Parmi les personnalit\u00e9s ayant r\u00e9pondu \u00e0 l&rsquo;invitation du Pr\u00e9sident de l&rsquo;AMCAP et fondateur de la Galerie des Beaux-Arts, Hassan Ammari,<span class=\"Apple-converted-space\">\u00a0 <\/span>pour \u00e0 la fois d\u00e9couvrir les objets et les \u0153uvres d&rsquo;art de grande valeur et pour partager avec le Peuple chinois la c\u00e9l\u00e9bration de l&rsquo;ann\u00e9e du tigre, l&rsquo;ex Ministre de l&rsquo;\u00e9ducation nationale et porte-parole du gouvernement, Saa\u00efd Amzazi qui a saisi cette occasion pour saluer cet<\/span><\/strong><\/p>\n<p class=\"p1\"><strong><span class=\"s1\">\u00e9v\u00e9nement culturel et artistique qui t\u00e9moigne, dit-il, de la profondeur des liens d&rsquo;amiti\u00e9 entre le Royaume du Maroc et la R\u00e9publique populaire de Chine.<\/span><\/strong><\/p>\n<p><img decoding=\"async\" loading=\"lazy\" class=\"alignnone size-full wp-image-22686\" src=\"https:\/\/le12.ma\/fr\/wp-content\/uploads\/2022\/02\/19BC3EED-A346-408D-895D-AAC823C95F09.jpeg\" alt=\"\" width=\"960\" height=\"1280\" srcset=\"https:\/\/le12.ma\/fr\/wp-content\/uploads\/2022\/02\/19BC3EED-A346-408D-895D-AAC823C95F09.jpeg 960w, https:\/\/le12.ma\/fr\/wp-content\/uploads\/2022\/02\/19BC3EED-A346-408D-895D-AAC823C95F09-225x300.jpeg 225w, https:\/\/le12.ma\/fr\/wp-content\/uploads\/2022\/02\/19BC3EED-A346-408D-895D-AAC823C95F09-768x1024.jpeg 768w\" sizes=\"(max-width: 960px) 100vw, 960px\" \/><\/p>\n<p class=\"p1\"><strong><span class=\"s1\">Monsieur Amzazi a \u00e9galement saisi cette opportunit\u00e9 pour exprimer ses v\u0153ux de bonheur et de prosp\u00e9rit\u00e9 au Peuple Chinois, tout en rappelant le grand h\u00e9ritage ancestral dont jouissent les deux pays ayant en commun une Histoire mill\u00e9naire.<\/span><\/strong><\/p>\n<p class=\"p1\"><strong><span class=\"s1\">De son c\u00f4t\u00e9, Sidi Brahim El Joumani, Pr\u00e9sident de l&rsquo;Arrondissement de Youssoufia-Rabat, a qualifi\u00e9 l&rsquo;organisation de l&rsquo;exposition sino-marocaine d&rsquo;initiative louable qui contribue, pr\u00e9cise-t-il, de mani\u00e8re palpable au rapprochement entre deux grands pays amis.\u00a0\u00bbJ&rsquo;ai eu d\u00e9j\u00e0 l&rsquo;occasion de visiter la Chine et j&rsquo;ai eu le plaisir de d\u00e9couvrir un pays d&rsquo;une grande richesse culturelle et j&rsquo;esp\u00e8re qu&rsquo;apr\u00e8s l&rsquo;ouverture des fronti\u00e8res, nos amis Chinois viennent au Maroc, \u00e0 la d\u00e9couverte d&rsquo;un grand pays de grande diversit\u00e9 culturelle et dont l&rsquo;hospitalit\u00e9 est proverbiale\u00a0\u00bb, d\u00e9clare-t-il en substance.<\/span><\/strong><\/p>\n<p class=\"p1\"><strong><span class=\"s1\">A noter que cette exposition sino-marocaine est organis\u00e9e en collaboration avec l&rsquo;Ambassade de Chine et le Centre culturel chinois de Rabat.<\/span><\/strong><\/p>\n","protected":false},"excerpt":{"rendered":"<p>Rabat-D.Y(le12.ma\/Fr) Chaque jour et jusqu&rsquo;au 10 f\u00e9vrier prochain, des personnalit\u00e9s de divers horizons rendent visite \u00e0 la Galerie des Beaux-Arts de Rabat qui abrite une exposition sino-marocaine. Organis\u00e9e par l&rsquo;Association marocaine pour la coop\u00e9ration et l&rsquo;amiti\u00e9 entre les Peuples (AMCAP), \u00e0 l&rsquo;occasion du nouvel an chinois, cette manifestation culturelle et artistique ne cesse de susciter [&hellip;]<\/p>\n","protected":false},"author":2,"featured_media":22689,"comment_status":"open","ping_status":"open","sticky":false,"template":"","format":"standard","meta":[],"categories":[26,31,24],"tags":[5112],"yst_prominent_words":[2849,5842,5843,261,2848,6040,98,2007,362,299],"jetpack_featured_media_url":"https:\/\/le12.ma\/fr\/wp-content\/uploads\/2022\/02\/17F19A3D-3794-4D5D-8E57-D0E06CCA7E94.jpeg","_links":{"self":[{"href":"https:\/\/le12.ma\/fr\/wp-json\/wp\/v2\/posts\/22684"}],"collection":[{"href":"https:\/\/le12.ma\/fr\/wp-json\/wp\/v2\/posts"}],"about":[{"href":"https:\/\/le12.ma\/fr\/wp-json\/wp\/v2\/types\/post"}],"author":[{"embeddable":true,"href":"https:\/\/le12.ma\/fr\/wp-json\/wp\/v2\/users\/2"}],"replies":[{"embeddable":true,"href":"https:\/\/le12.ma\/fr\/wp-json\/wp\/v2\/comments?post=22684"}],"version-history":[{"count":2,"href":"https:\/\/le12.ma\/fr\/wp-json\/wp\/v2\/posts\/22684\/revisions"}],"predecessor-version":[{"id":22690,"href":"https:\/\/le12.ma\/fr\/wp-json\/wp\/v2\/posts\/22684\/revisions\/22690"}],"wp:featuredmedia":[{"embeddable":true,"href":"https:\/\/le12.ma\/fr\/wp-json\/wp\/v2\/media\/22689"}],"wp:attachment":[{"href":"https:\/\/le12.ma\/fr\/wp-json\/wp\/v2\/media?parent=22684"}],"wp:term":[{"taxonomy":"category","embeddable":true,"href":"https:\/\/le12.ma\/fr\/wp-json\/wp\/v2\/categories?post=22684"},{"taxonomy":"post_tag","embeddable":true,"href":"https:\/\/le12.ma\/fr\/wp-json\/wp\/v2\/tags?post=22684"},{"taxonomy":"yst_prominent_words","embeddable":true,"href":"https:\/\/le12.ma\/fr\/wp-json\/wp\/v2\/yst_prominent_words?post=22684"}],"curies":[{"name":"wp","href":"https:\/\/api.w.org\/{rel}","templated":true}]}}