{"id":22674,"date":"2022-02-04T02:32:30","date_gmt":"2022-02-04T01:32:30","guid":{"rendered":"https:\/\/le12.ma\/fr\/?p=22674"},"modified":"2022-02-04T02:32:30","modified_gmt":"2022-02-04T01:32:30","slug":"des-efforts-inlassables-pour-sauver-rayan-dans-un-climat-de-solidarite-nationale","status":"publish","type":"post","link":"https:\/\/le12.ma\/fr\/des-efforts-inlassables-pour-sauver-rayan-dans-un-climat-de-solidarite-nationale\/","title":{"rendered":"Des efforts inlassables pour sauver Rayan, dans un climat de solidarit\u00e9 nationale"},"content":{"rendered":"<p class=\"p1\">\n<p class=\"p1\"><span style=\"color: #ff0000;\"><strong><span class=\"s1\">Commune Tamorot (province de Chefchaouen) \u2013 le12<\/span><\/strong><\/span><\/p>\n<p class=\"p1\"><strong><span class=\"s1\">Les Marocains suivent avec beaucoup d\u2019\u00e9motion les efforts de sauvetage de Rayan, l\u2019enfant de 5 ans tomb\u00e9 dans un puits de 32 m\u00e8tres dans le village d\u2019Ighrane, relevant de la commune Tamorot (province de Chefchaouen).<\/span><\/strong><\/p>\n<p class=\"p1\"><strong><span class=\"s1\">Cet accident a propuls\u00e9 cette r\u00e9gion isol\u00e9e au centre de l\u2019int\u00e9r\u00eat de l\u2019opinion publique nationale, et l\u2019enfant, qui a pass\u00e9 sa deuxi\u00e8me journ\u00e9e au fond d\u2019un puits apparemment gard\u00e9 ouvert sans barri\u00e8res de s\u00e9curit\u00e9, a suscit\u00e9 un grand \u00e9moi.<\/span><\/strong><\/p>\n<p class=\"p1\"><strong><span class=\"s1\">La m\u00e8re de Rayan se confie avec affliction aux diff\u00e9rents m\u00e9dias qui se sont ru\u00e9s sur les lieux, une \u00e9motion m\u00eal\u00e9e \u00e0 l\u2019espoir que son fils soit secouru du puits saint et sauf.<\/span><\/strong><\/p>\n<p class=\"p1\"><strong><span class=\"s1\">La m\u00e8re explique que mardi apr\u00e8s-midi, les membres de la famille n\u2019ont pas trouv\u00e9 l\u2019enfant. Apr\u00e8s plusieurs recherches, ils ont entendu des g\u00e9missements venant du puits, ce qui les a pouss\u00e9s \u00e0 attacher un t\u00e9l\u00e9phone \u00e0 une corde et le descendre en profondeur, o\u00f9 ils ont d\u00e9couvert l\u2019enfant.<\/span><\/strong><\/p>\n<p class=\"p1\"><strong><span class=\"s1\">Rayan a pass\u00e9 sa premi\u00e8re nuit au fond du puits, luttant contre la soif et le manque d\u2019oxyg\u00e8ne, r\u00e9confort\u00e9 par la pr\u00e9sence de ses parents et ses proches, avant que les \u00e9l\u00e9ments de la protection civile, des autorit\u00e9s locales et de la Gendarmerie Royale d\u00e9butent leurs efforts de sauvetage, sous la supervision des autorit\u00e9s provinciales.<\/span><\/strong><\/p>\n<p><iframe loading=\"lazy\" title=\"\u0648\u0627\u0644\u062f\u0629 \u0627\u0644\u0637\u0641\u0644 \u0631\u064a\u0627\u0646 \u0641\u064a \u0631\u0633\u0627\u0644\u0629 \u0645\u0624\u062b\u0631\u0629 &quot;\u0643\u0627\u0646\u062a\u0631\u062c\u0649  \u0645\u0646 \u0627\u0644\u0644\u0647 \u064a\u0631\u062c\u0639 \u0644\u064a \u0648\u0644\u062f\u064a  \u062d\u064a\u0627 \u064a\u0631\u0632\u0642\" width=\"500\" height=\"375\" src=\"https:\/\/www.youtube.com\/embed\/O7AtFNLhGB0?feature=oembed\" frameborder=\"0\" allow=\"accelerometer; autoplay; clipboard-write; encrypted-media; gyroscope; picture-in-picture\" allowfullscreen><\/iframe><\/p>\n<p class=\"p1\"><strong><span class=\"s1\">Le lendemain matin, un comit\u00e9 de veille a \u00e9t\u00e9 cr\u00e9\u00e9 pour coordonner les efforts de sauvetage. Le comit\u00e9 a initialement \u00e9labor\u00e9 un plan pour extraire l\u2019enfant directement du puits, n\u00e9anmoins les premi\u00e8res tentatives ont \u00e9t\u00e9 vaines en raison du diam\u00e8tre \u00e9troit du trou (30 centim\u00e8tres).<\/span><\/strong><\/p>\n<p class=\"p1\"><strong><span class=\"s1\">Un deuxi\u00e8me plan a ainsi \u00e9t\u00e9 \u00e9labor\u00e9, n\u00e9cessitant l\u2019utilisation d\u2019engins lourds pour creuser en parall\u00e8le et en diagonale avec le trou, mais avec beaucoup de pr\u00e9caution, de peur que les op\u00e9rations de dragage ne provoquent l\u2019effondrement du puits.<\/span><\/strong><\/p>\n<p class=\"p1\"><strong><span class=\"s1\">Ces op\u00e9rations d\u00e9licates se sont poursuivies tout au long de la journ\u00e9e du mercredi, puisqu\u2019une profondeur de 32 m\u00e8tres \u00e9quivaut \u00e0 la hauteur d\u2019un immeuble de 10 \u00e9tages, voire plus.<\/span><\/strong><\/p>\n<p class=\"p1\"><strong><span class=\"s1\">Parall\u00e8lement \u00e0 ces op\u00e9rations, les \u00e9l\u00e9ments de la protection civile ont d\u00e9ploy\u00e9 une cam\u00e9ra utilis\u00e9e dans les op\u00e9rations de sauvetage pour s\u2019assurer de l\u2019\u00e9tat de sant\u00e9 de Rayan et communiquer avec lui afin qu\u2019il demeure conscient, en plus de lui acheminer eau et oxyg\u00e8ne par tubes.<\/span><\/strong><\/p>\n<p class=\"p1\"><strong><span class=\"s1\">Entre-temps, deux nouvelles tentatives pour extraire l\u2019enfant directement du puits ont \u00e9t\u00e9 men\u00e9es avec la participation de b\u00e9n\u00e9voles de l\u2019Association Chefchaouen de sp\u00e9l\u00e9ologie et activit\u00e9s de montagne, tentatives ayant \u00e9chou\u00e9 en raison encore une fois de l\u2019\u00e9troitesse du trou.<\/span><\/strong><\/p>\n<p class=\"p1\"><strong><span class=\"s1\">Le sc\u00e9nario adopt\u00e9 apr\u00e8s l\u2019\u00e9chec de l\u2019extraction directement du puits repose sur le creusement d\u2019un trou parall\u00e8le de m\u00eame profondeur que l\u2019endroit o\u00f9 Ryan est bloqu\u00e9, puis l\u2019excavation d\u2019un tunnel jusqu\u2019\u00e0 l\u2019enfant.<\/span><\/strong><\/p>\n<p class=\"p1\"><strong><span class=\"s1\">Durant la journ\u00e9e du jeudi, les efforts d\u2019excavation se poursuivent encore, avec plus de 22 m\u00e8tres creus\u00e9s, tout en veillant \u00e0 \u00e9viter les parois du puits pour pr\u00e9venir tout effondrement qui aggraverait la situation.<\/span><\/strong><\/p>\n<p><iframe loading=\"lazy\" title=\"\u0648\u0627\u0644\u062f #\u0627\u0644\u0637\u0641\u0644_\u0631\u064a\u0627\u0646 \u062f\u0639\u064a\u0648 \u0645\u0639 \u0648\u0644\u062f\u064a \u064a\u062e\u0631\u062c \u0628\u062e\u064a\u0631 \u0648\u0634\u0643\u0631\u0627 \u0644\u0633\u064a\u062f\u0646\u0627 \u0648\u0643\u0644 \u0627\u0644\u0633\u0644\u0637\u0627\u062a\" width=\"500\" height=\"375\" src=\"https:\/\/www.youtube.com\/embed\/tqrb1apDFIs?feature=oembed\" frameborder=\"0\" allow=\"accelerometer; autoplay; clipboard-write; encrypted-media; gyroscope; picture-in-picture\" allowfullscreen><\/iframe><\/p>\n<p class=\"p1\"><strong><span class=\"s1\">Un h\u00e9licopt\u00e8re m\u00e9dical de la Gendarmerie Royale est pr\u00e9sent sur les lieux afin de transporter l\u2019enfant, imm\u00e9diatement apr\u00e8s son sauvetage, \u00e0 l\u2019h\u00f4pital pour recevoir les premiers soins n\u00e9cessaires, tandis qu\u2019une ambulance avec un staff m\u00e9dical men\u00e9 par un m\u00e9decin sp\u00e9cialiste en r\u00e9animation a \u00e9galement \u00e9t\u00e9 mobilis\u00e9e.<\/span><\/strong><\/p>\n<p class=\"p1\"><strong><span class=\"s1\">Les efforts de sauvetage ne cesseront pas avant d\u2019atteindre l\u2019enfant, a affirm\u00e9 un responsable pr\u00e9sent sur place \u00e0 la MAP, notant que les op\u00e9rations d\u2019intervention s\u2019intensifient avec l\u2019espoir d\u2019extraire Rayan le plus t\u00f4t possible.<\/span><\/strong><\/p>\n<p class=\"p1\"><strong><span class=\"s1\">Les op\u00e9rations d\u2019excavation rencontrent de grandes difficult\u00e9s, dont la plus importante est la nature du sol sableux dans certaines couches et rocheux dans d\u2019autres.<\/span><\/strong><\/p>\n<p class=\"p1\"><strong><span class=\"s1\">Les bulldozers oeuvrent \u00e0 \u00e9largir le diam\u00e8tre du trou et \u00e0 enlever les couches sup\u00e9rieures par crainte que le sol ne s\u2019effondre sur les sauveteurs et l\u2019enfant.<\/span><\/strong><\/p>\n<p class=\"p1\"><strong><span class=\"s1\">C\u2019est avec beaucoup d\u2019\u00e9motion que les Marocains suivent l\u2019op\u00e9ration de sauvetage via les m\u00e9dias ou \u00e0 travers les citoyens pr\u00e9sents sur place, tandis qu\u2019une vague de solidarit\u00e9 avec l\u2019enfant et sa famille a \u00e9t\u00e9 d\u00e9clench\u00e9e au Maroc et \u00e0 l\u2019\u00e9tranger, avec un seul mot d\u2019ordre: \u201cSauvez Rayan\u201d.<\/span><\/strong><\/p>\n","protected":false},"excerpt":{"rendered":"<p>Commune Tamorot (province de Chefchaouen) \u2013 le12 Les Marocains suivent avec beaucoup d\u2019\u00e9motion les efforts de sauvetage de Rayan, l\u2019enfant de 5 ans tomb\u00e9 dans un puits de 32 m\u00e8tres dans le village d\u2019Ighrane, relevant de la commune Tamorot (province de Chefchaouen). Cet accident a propuls\u00e9 cette r\u00e9gion isol\u00e9e au centre de l\u2019int\u00e9r\u00eat de l\u2019opinion [&hellip;]<\/p>\n","protected":false},"author":2,"featured_media":22675,"comment_status":"open","ping_status":"open","sticky":false,"template":"","format":"standard","meta":[],"categories":[26,28,23,54],"tags":[6839,182,8731,8730],"yst_prominent_words":[6104],"jetpack_featured_media_url":"https:\/\/le12.ma\/fr\/wp-content\/uploads\/2022\/02\/395A4A36-6BAE-4AF2-99EF-1F8AF013261F.jpeg","_links":{"self":[{"href":"https:\/\/le12.ma\/fr\/wp-json\/wp\/v2\/posts\/22674"}],"collection":[{"href":"https:\/\/le12.ma\/fr\/wp-json\/wp\/v2\/posts"}],"about":[{"href":"https:\/\/le12.ma\/fr\/wp-json\/wp\/v2\/types\/post"}],"author":[{"embeddable":true,"href":"https:\/\/le12.ma\/fr\/wp-json\/wp\/v2\/users\/2"}],"replies":[{"embeddable":true,"href":"https:\/\/le12.ma\/fr\/wp-json\/wp\/v2\/comments?post=22674"}],"version-history":[{"count":1,"href":"https:\/\/le12.ma\/fr\/wp-json\/wp\/v2\/posts\/22674\/revisions"}],"predecessor-version":[{"id":22678,"href":"https:\/\/le12.ma\/fr\/wp-json\/wp\/v2\/posts\/22674\/revisions\/22678"}],"wp:featuredmedia":[{"embeddable":true,"href":"https:\/\/le12.ma\/fr\/wp-json\/wp\/v2\/media\/22675"}],"wp:attachment":[{"href":"https:\/\/le12.ma\/fr\/wp-json\/wp\/v2\/media?parent=22674"}],"wp:term":[{"taxonomy":"category","embeddable":true,"href":"https:\/\/le12.ma\/fr\/wp-json\/wp\/v2\/categories?post=22674"},{"taxonomy":"post_tag","embeddable":true,"href":"https:\/\/le12.ma\/fr\/wp-json\/wp\/v2\/tags?post=22674"},{"taxonomy":"yst_prominent_words","embeddable":true,"href":"https:\/\/le12.ma\/fr\/wp-json\/wp\/v2\/yst_prominent_words?post=22674"}],"curies":[{"name":"wp","href":"https:\/\/api.w.org\/{rel}","templated":true}]}}