{"id":22609,"date":"2022-01-27T20:22:21","date_gmt":"2022-01-27T19:22:21","guid":{"rendered":"https:\/\/le12.ma\/fr\/?p=22609"},"modified":"2022-01-27T20:22:21","modified_gmt":"2022-01-27T19:22:21","slug":"lartiste-abdellatif-hilal-nest-plus","status":"publish","type":"post","link":"https:\/\/le12.ma\/fr\/lartiste-abdellatif-hilal-nest-plus\/","title":{"rendered":"L\u2019artiste Abdellatif Hilal n\u2019est plus"},"content":{"rendered":"<p class=\"p1\">\n<p class=\"p3\"><strong><span class=\"s2\">Rabat \u2013 le12<\/span><\/strong><\/p>\n<p class=\"p3\"><strong><span class=\"s2\">L\u2019artiste marocain Abdellatif Hilal est d\u00e9c\u00e9d\u00e9 jeudi matin \u00e0 Casablanca \u00e0 l\u2019\u00e2ge de 82 ans, apr\u00e8s un long combat contre la maladie, a d\u00e9plor\u00e9 le minist\u00e8re de la Jeunesse, de la culture et de la communication.<\/span><\/strong><\/p>\n<p class=\"p3\"><strong><span class=\"s2\">N\u00e9 \u00e0 Casablanca en 1940, le d\u00e9funt \u00e9tait \u201cl\u2019un des pionniers du th\u00e9\u00e2tre marocain\u201d et \u201cfaisait partie des artistes de la deuxi\u00e8me g\u00e9n\u00e9ration du mouvement th\u00e9\u00e2tral au Maroc\u201d, a \u00e9crit le minist\u00e8re sur son site internet.<\/span><\/strong><\/p>\n<p class=\"p3\"><strong><span class=\"s2\">La premi\u00e8re apparition de feu Hilal \u00e9tait avec les amateurs, avant qu\u2019il ne devienne professionnel en 1967 avec la troupe Masrah Annas (th\u00e9\u00e2tre des gens) du regrett\u00e9 Tayeb Sadikki, a ajout\u00e9 la m\u00eame source.<\/span><\/strong><\/p>\n<p class=\"p3\"><strong><span class=\"s2\">L\u2019artiste Abdellatif Hilal a \u00e9volu\u00e9 dans le th\u00e9\u00e2tre, le cin\u00e9ma et la t\u00e9l\u00e9vision. \u201cIl a r\u00e9ussi \u00e0 se distinguer sur la sc\u00e8ne th\u00e9\u00e2trale\u201d avec de nombreuses \u0153uvres, notamment \u201cKhourafate Al Meskine, Al Seffoudde, et Badi\u00e2 Al Zaman al Hamdani\u201d.<\/span><\/strong><\/p>\n<p class=\"p3\"><strong><span class=\"s2\">Le regrett\u00e9 a particip\u00e9 \u00e0 des \u00e9pop\u00e9es nationales avec le th\u00e9\u00e2tre Tayeb Sadikki, dont notamment \u201cAl Massira Al Khadrrae\u201d et \u201cAl Maghrib ouahed\u201d. Il a r\u00e9ussi \u00e0 se d\u00e9marquer dans plusieurs \u0153uvres cin\u00e9matographiques marocaines et internationales dont \u201cRasif Al Sekka\u201d, \u201cAl Marhoume\u201d et bien autres.<\/span><\/strong><\/p>\n","protected":false},"excerpt":{"rendered":"<p>Rabat \u2013 le12 L\u2019artiste marocain Abdellatif Hilal est d\u00e9c\u00e9d\u00e9 jeudi matin \u00e0 Casablanca \u00e0 l\u2019\u00e2ge de 82 ans, apr\u00e8s un long combat contre la maladie, a d\u00e9plor\u00e9 le minist\u00e8re de la Jeunesse, de la culture et de la communication. N\u00e9 \u00e0 Casablanca en 1940, le d\u00e9funt \u00e9tait \u201cl\u2019un des pionniers du th\u00e9\u00e2tre marocain\u201d et \u201cfaisait [&hellip;]<\/p>\n","protected":false},"author":2,"featured_media":22610,"comment_status":"open","ping_status":"open","sticky":false,"template":"","format":"standard","meta":[],"categories":[26,31,24],"tags":[6414,6638],"yst_prominent_words":[138,80,2988,454,148],"jetpack_featured_media_url":"https:\/\/le12.ma\/fr\/wp-content\/uploads\/2022\/01\/639E4019-760C-4D4A-BA61-8E02E62140F2.jpeg","_links":{"self":[{"href":"https:\/\/le12.ma\/fr\/wp-json\/wp\/v2\/posts\/22609"}],"collection":[{"href":"https:\/\/le12.ma\/fr\/wp-json\/wp\/v2\/posts"}],"about":[{"href":"https:\/\/le12.ma\/fr\/wp-json\/wp\/v2\/types\/post"}],"author":[{"embeddable":true,"href":"https:\/\/le12.ma\/fr\/wp-json\/wp\/v2\/users\/2"}],"replies":[{"embeddable":true,"href":"https:\/\/le12.ma\/fr\/wp-json\/wp\/v2\/comments?post=22609"}],"version-history":[{"count":1,"href":"https:\/\/le12.ma\/fr\/wp-json\/wp\/v2\/posts\/22609\/revisions"}],"predecessor-version":[{"id":22611,"href":"https:\/\/le12.ma\/fr\/wp-json\/wp\/v2\/posts\/22609\/revisions\/22611"}],"wp:featuredmedia":[{"embeddable":true,"href":"https:\/\/le12.ma\/fr\/wp-json\/wp\/v2\/media\/22610"}],"wp:attachment":[{"href":"https:\/\/le12.ma\/fr\/wp-json\/wp\/v2\/media?parent=22609"}],"wp:term":[{"taxonomy":"category","embeddable":true,"href":"https:\/\/le12.ma\/fr\/wp-json\/wp\/v2\/categories?post=22609"},{"taxonomy":"post_tag","embeddable":true,"href":"https:\/\/le12.ma\/fr\/wp-json\/wp\/v2\/tags?post=22609"},{"taxonomy":"yst_prominent_words","embeddable":true,"href":"https:\/\/le12.ma\/fr\/wp-json\/wp\/v2\/yst_prominent_words?post=22609"}],"curies":[{"name":"wp","href":"https:\/\/api.w.org\/{rel}","templated":true}]}}